{"id":1959,"date":"2023-02-23T13:08:31","date_gmt":"2023-02-23T12:08:31","guid":{"rendered":"https:\/\/ops.wrzesnia.pl\/?p=1959"},"modified":"2024-02-29T07:36:55","modified_gmt":"2024-02-29T06:36:55","slug":"swiadczenia-pomocy-materialnej-o-charakterze-socjalnym-stypendium-szkolne-od-1-03-2023-r","status":"publish","type":"post","link":"https:\/\/ops.wrzesnia.pl\/swiadczenia-pomocy-materialnej-o-charakterze-socjalnym-stypendium-szkolne-od-1-03-2023-r\/","title":{"rendered":"\u015aWIADCZENIA  POMOCY  MATERIALNEJ                                                       \tO  CHARAKTERZE  SOCJALNYM \u2013 STYPENDIUM SZKOLNE OD 1.03.2023 R."},"content":{"rendered":"\n<p>O\u015brodek Pomocy Spo\u0142ecznej we Wrze\u015bni informuje, \u017ce kontynuacja <strong>wyp\u0142aty stypendium szkolnego<\/strong> na drugie p\u00f3\u0142rocze roku szkolnego 2022\/2023 dla uczni\u00f3w zamieszka\u0142ych na terenie Miasta i Gminy Wrze\u015bnia, w tym uczni\u00f3w b\u0119d\u0105cych obywatelami Ukrainy nast\u0105pi po weryfikacji sytuacji \u015bwiadczeniobiorcy. W zwi\u0105zku z powy\u017cszym osoby zainteresowane mog\u0105 sk\u0142ada\u0107 o\u015bwiadczenia aktualizacyjne w terminie <strong>od 1 marca 2023 r.  do 31 marca 2023 r.<\/strong> Do o\u015bwiadczenia nale\u017cy do\u0142\u0105czy\u0107 dokumenty dotycz\u0105ce sytuacji materialnej rodziny ucznia \u2013 dochody netto<strong> za miesi\u0105c luty 2023 r.<\/strong> oraz orygina\u0142y rachunk\u00f3w, faktur lub innych dokument\u00f3w potwierdzaj\u0105cych wydatki na cele edukacyjne w drugim p\u00f3\u0142roczu roku szkolnego 2022\/2023.<\/p>\n\n\n\n<p>Wype\u0142niony formularz o\u015bwiadczenia wraz z dokumentami nale\u017cy z\u0142o\u017cy\u0107 w kancelarii O\u015brodka Pomocy Spo\u0142ecznej we Wrze\u015bni przy ul. Fabrycznej 14 (poniedzia\u0142ek od 8:00 do 15:30, od wtorku do pi\u0105tku od 7:00 do 14:30) lub listownie na wskazany powy\u017cej adres.<\/p>\n\n\n\n<p>Prosimy o<strong> wpisanie nr telefonu<\/strong>, pod kt\u00f3rym pracownik weryfikuj\u0105cy dokumenty b\u0119dzie m\u00f3g\u0142 skontaktowa\u0107 si\u0119 z wnioskodawc\u0105.<\/p>\n\n\n\n<p><strong>Druki <\/strong>o\u015bwiadcze\u0144 dost\u0119pne s\u0105 w <strong>kancelarii <\/strong>O\u015brodka Pomocy Spo\u0142ecznej we Wrze\u015bni przy ul. Fabrycznej 14 oraz na stronie internetowej: <strong>www.ops.wrzesnia.pl<\/strong>.<\/p>\n\n\n\n<p>Szczeg\u00f3\u0142owe informacje dotycz\u0105ce stypendi\u00f3w i zasi\u0142k\u00f3w szkolnych mo\u017cna uzyska\u0107 pod nr telefonu\u00a0<strong> (61) 640 72 42.<\/strong><\/p>\n\n\n\n<p>Za\u0142\u0105czniki:<br><a href=\"https:\/\/ops.wrzesnia.pl\/wp-content\/uploads\/2023\/02\/oswiadczenie-stypendium-szkolne-2022-2023-zmiana-decyzji.pdf\" data-type=\"URL\" data-id=\"https:\/\/ops.wrzesnia.pl\/wp-content\/uploads\/2023\/02\/oswiadczenie-stypendium-szkolne-2022-2023-zmiana-decyzji.pdf\">&#8211; o\u015bwiadczenie stypendium szkolne 2022 &#8211; 2023 zmiana decyzji (PLIK PDF 214 KB)<br><\/a><a href=\"https:\/\/ops.wrzesnia.pl\/wp-content\/uploads\/2023\/02\/oswiadczenie-stypendium-szkolne-2022-2023-UKR-zmiana-decyzji.pdf\" data-type=\"URL\" data-id=\"https:\/\/ops.wrzesnia.pl\/wp-content\/uploads\/2023\/02\/oswiadczenie-stypendium-szkolne-2022-2023-UKR-zmiana-decyzji.pdf\">&#8211; o\u015bwiadczenie stypendium szkolne 2022 &#8211; 2023 UKR zmiana decyzji  (PLIK PDF 191 KB)<\/a><\/p>\n\n\n\n<figure class=\"wp-block-image size-large is-resized\"><img loading=\"lazy\" decoding=\"async\" src=\"https:\/\/ops.wrzesnia.pl\/wp-content\/uploads\/2023\/02\/PLAKATY-OPS-4-1-724x1024.png\" alt=\"\" class=\"wp-image-1963\" width=\"515\" height=\"729\" srcset=\"https:\/\/ops.wrzesnia.pl\/wp-content\/uploads\/2023\/02\/PLAKATY-OPS-4-1-724x1024.png 724w, https:\/\/ops.wrzesnia.pl\/wp-content\/uploads\/2023\/02\/PLAKATY-OPS-4-1-212x300.png 212w, https:\/\/ops.wrzesnia.pl\/wp-content\/uploads\/2023\/02\/PLAKATY-OPS-4-1-768x1086.png 768w, https:\/\/ops.wrzesnia.pl\/wp-content\/uploads\/2023\/02\/PLAKATY-OPS-4-1-1086x1536.png 1086w, https:\/\/ops.wrzesnia.pl\/wp-content\/uploads\/2023\/02\/PLAKATY-OPS-4-1-1448x2048.png 1448w, https:\/\/ops.wrzesnia.pl\/wp-content\/uploads\/2023\/02\/PLAKATY-OPS-4-1-103x146.png 103w, https:\/\/ops.wrzesnia.pl\/wp-content\/uploads\/2023\/02\/PLAKATY-OPS-4-1-35x50.png 35w, https:\/\/ops.wrzesnia.pl\/wp-content\/uploads\/2023\/02\/PLAKATY-OPS-4-1-53x75.png 53w, https:\/\/ops.wrzesnia.pl\/wp-content\/uploads\/2023\/02\/PLAKATY-OPS-4-1-17x24.png 17w, https:\/\/ops.wrzesnia.pl\/wp-content\/uploads\/2023\/02\/PLAKATY-OPS-4-1-25x36.png 25w, https:\/\/ops.wrzesnia.pl\/wp-content\/uploads\/2023\/02\/PLAKATY-OPS-4-1-34x48.png 34w\" sizes=\"(max-width:767px) 480px, 515px\" \/><\/figure>\n\n\n\n<p><\/p>\n","protected":false},"excerpt":{"rendered":"<p>O\u015brodek Pomocy Spo\u0142ecznej we Wrze\u015bni informuje, \u017ce kontynuacja wyp\u0142aty stypendium szkolnego na drugie p\u00f3\u0142rocze roku szkolnego 2022\/2023 dla uczni\u00f3w zamieszka\u0142ych na terenie Miasta i Gminy Wrze\u015bnia,<span class=\"excerpt-hellip\"> [\u2026]<\/span><\/p>\n","protected":false},"author":4,"featured_media":0,"comment_status":"open","ping_status":"open","sticky":false,"template":"","format":"standard","meta":{"footnotes":""},"categories":[1],"tags":[],"class_list":["post-1959","post","type-post","status-publish","format-standard","hentry","category-bez-kategorii"],"_links":{"self":[{"href":"https:\/\/ops.wrzesnia.pl\/wp-json\/wp\/v2\/posts\/1959"}],"collection":[{"href":"https:\/\/ops.wrzesnia.pl\/wp-json\/wp\/v2\/posts"}],"about":[{"href":"https:\/\/ops.wrzesnia.pl\/wp-json\/wp\/v2\/types\/post"}],"author":[{"embeddable":true,"href":"https:\/\/ops.wrzesnia.pl\/wp-json\/wp\/v2\/users\/4"}],"replies":[{"embeddable":true,"href":"https:\/\/ops.wrzesnia.pl\/wp-json\/wp\/v2\/comments?post=1959"}],"version-history":[{"count":1,"href":"https:\/\/ops.wrzesnia.pl\/wp-json\/wp\/v2\/posts\/1959\/revisions"}],"predecessor-version":[{"id":1964,"href":"https:\/\/ops.wrzesnia.pl\/wp-json\/wp\/v2\/posts\/1959\/revisions\/1964"}],"wp:attachment":[{"href":"https:\/\/ops.wrzesnia.pl\/wp-json\/wp\/v2\/media?parent=1959"}],"wp:term":[{"taxonomy":"category","embeddable":true,"href":"https:\/\/ops.wrzesnia.pl\/wp-json\/wp\/v2\/categories?post=1959"},{"taxonomy":"post_tag","embeddable":true,"href":"https:\/\/ops.wrzesnia.pl\/wp-json\/wp\/v2\/tags?post=1959"}],"curies":[{"name":"wp","href":"https:\/\/api.w.org\/{rel}","templated":true}]}}