{"id":2121,"date":"2023-08-23T10:55:24","date_gmt":"2023-08-23T08:55:24","guid":{"rendered":"https:\/\/ops.wrzesnia.pl\/?p=2121"},"modified":"2024-02-29T07:36:37","modified_gmt":"2024-02-29T06:36:37","slug":"program-asystent-osobisty-osoby-z-niepelnosprawnoscia-edycja-2024","status":"publish","type":"post","link":"https:\/\/ops.wrzesnia.pl\/program-asystent-osobisty-osoby-z-niepelnosprawnoscia-edycja-2024\/","title":{"rendered":"Program &#8222;Asystent osobisty osoby z niepe\u0142nosprawno\u015bci\u0105&#8221; &#8211; edycja 2024"},"content":{"rendered":"\n<p>Link <a href=\"https:\/\/ops-wrzesnia.biuletyn.net\/?bip=2&amp;cid=39&amp;id=83\"><strong>https:\/\/ops-wrzesnia.biuletyn.net\/?bip=2&amp;cid=39&amp;id=83<\/strong><\/a><\/p>\n","protected":false},"excerpt":{"rendered":"<p>Link https:\/\/ops-wrzesnia.biuletyn.net\/?bip=2&amp;cid=39&amp;id=83<\/p>\n","protected":false},"author":4,"featured_media":0,"comment_status":"open","ping_status":"open","sticky":false,"template":"","format":"standard","meta":{"footnotes":""},"categories":[1],"tags":[],"class_list":["post-2121","post","type-post","status-publish","format-standard","hentry","category-bez-kategorii"],"_links":{"self":[{"href":"https:\/\/ops.wrzesnia.pl\/wp-json\/wp\/v2\/posts\/2121"}],"collection":[{"href":"https:\/\/ops.wrzesnia.pl\/wp-json\/wp\/v2\/posts"}],"about":[{"href":"https:\/\/ops.wrzesnia.pl\/wp-json\/wp\/v2\/types\/post"}],"author":[{"embeddable":true,"href":"https:\/\/ops.wrzesnia.pl\/wp-json\/wp\/v2\/users\/4"}],"replies":[{"embeddable":true,"href":"https:\/\/ops.wrzesnia.pl\/wp-json\/wp\/v2\/comments?post=2121"}],"version-history":[{"count":1,"href":"https:\/\/ops.wrzesnia.pl\/wp-json\/wp\/v2\/posts\/2121\/revisions"}],"predecessor-version":[{"id":2122,"href":"https:\/\/ops.wrzesnia.pl\/wp-json\/wp\/v2\/posts\/2121\/revisions\/2122"}],"wp:attachment":[{"href":"https:\/\/ops.wrzesnia.pl\/wp-json\/wp\/v2\/media?parent=2121"}],"wp:term":[{"taxonomy":"category","embeddable":true,"href":"https:\/\/ops.wrzesnia.pl\/wp-json\/wp\/v2\/categories?post=2121"},{"taxonomy":"post_tag","embeddable":true,"href":"https:\/\/ops.wrzesnia.pl\/wp-json\/wp\/v2\/tags?post=2121"}],"curies":[{"name":"wp","href":"https:\/\/api.w.org\/{rel}","templated":true}]}}