{"id":2252,"date":"2023-11-22T07:45:54","date_gmt":"2023-11-22T06:45:54","guid":{"rendered":"https:\/\/ops.wrzesnia.pl\/?p=2252"},"modified":"2023-11-22T07:45:55","modified_gmt":"2023-11-22T06:45:55","slug":"szkolenie-z-przeciwdzialania-uzaleznieniom","status":"publish","type":"post","link":"https:\/\/ops.wrzesnia.pl\/szkolenie-z-przeciwdzialania-uzaleznieniom\/","title":{"rendered":"SZKOLENIE Z PRZECIWDZIA\u0141ANIA UZALE\u017bNIENIOM"},"content":{"rendered":"\n<p><strong>W dniu 16 listopada 2023 roku w siedzibie O\u015brodka Pomocy Spo\u0142ecznej we Wrze\u015bni przy ul. S\u0142owackiego 39, odby\u0142o si\u0119 szkolenie z profilaktyki uzale\u017cnie\u0144, <\/strong><strong>kt\u00f3re zosta\u0142o poprowadzone<\/strong><strong> przez oficera prasowego KPP Wrze\u015bnia- m\u0142odszego aspiranta Pana Adama Wojci\u0144skiego. W szkoleniu udzia\u0142 wzi\u0119li pracownicy Sekcji Wspierania Rodziny z tut. O\u015brodka oraz kuratorzy i aplika<\/strong><strong>nci <\/strong><strong>S\u0105du Rejonowego we Wrze\u015bni.<\/strong><strong><\/strong><\/p>\n\n\n\n<p>Tematem spotkania by\u0142o rozpoznawanie substancji psychoaktywnych oraz symptom\u00f3w, kt\u00f3re mog\u0142yby \u015bwiadczy\u0107 o rozwijaj\u0105cym si\u0119 problemie uzale\u017cnienia.<\/p>\n\n\n\n<p>Prowadz\u0105cy szkolenie, om\u00f3wi\u0142 przyczyny si\u0119gania po \u015brodki uzale\u017cniaj\u0105ce oraz zachowania, kt\u00f3re pozwoli\u0142yby zmotywowa\u0107 rodzica b\u0105d\u017a opiekuna do podj\u0119cia okre\u015blonych dzia\u0142a\u0144, w celu ochrony dziecka przed uzale\u017cnieniem.<\/p>\n\n\n\n<p>W trakcie spotkania zaprezentowane zosta\u0142y walizki Drug-box, dzi\u0119ki kt\u00f3rym uczestnicy mieli mo\u017cliwo\u015b\u0107 zapoznania si\u0119 imitacjami narkotyk\u00f3w oraz przedmiotami zwi\u0105zanymi z ich za\u017cywaniem.<\/p>\n\n\n\n<p>Udzia\u0142 w szkoleniu mia\u0142 na celu podniesienie kompetencji pracownik\u00f3w w zakresie profilaktyki oraz przeciwdzia\u0142ania uzale\u017cnieniu w\u015br\u00f3d m\u0142odych ludzi.<\/p>\n\n\n\n<figure class=\"wp-block-image size-large\"><img loading=\"lazy\" decoding=\"async\" width=\"1024\" height=\"768\" src=\"https:\/\/ops.wrzesnia.pl\/wp-content\/uploads\/2023\/11\/400419983_369930168819741_8912484936712611344_n-1-1024x768.jpg\" alt=\"\" class=\"wp-image-2253\" srcset=\"https:\/\/ops.wrzesnia.pl\/wp-content\/uploads\/2023\/11\/400419983_369930168819741_8912484936712611344_n-1-1024x768.jpg 1024w, https:\/\/ops.wrzesnia.pl\/wp-content\/uploads\/2023\/11\/400419983_369930168819741_8912484936712611344_n-1-300x225.jpg 300w, https:\/\/ops.wrzesnia.pl\/wp-content\/uploads\/2023\/11\/400419983_369930168819741_8912484936712611344_n-1-768x576.jpg 768w, https:\/\/ops.wrzesnia.pl\/wp-content\/uploads\/2023\/11\/400419983_369930168819741_8912484936712611344_n-1-1536x1152.jpg 1536w, https:\/\/ops.wrzesnia.pl\/wp-content\/uploads\/2023\/11\/400419983_369930168819741_8912484936712611344_n-1-195x146.jpg 195w, https:\/\/ops.wrzesnia.pl\/wp-content\/uploads\/2023\/11\/400419983_369930168819741_8912484936712611344_n-1-50x38.jpg 50w, https:\/\/ops.wrzesnia.pl\/wp-content\/uploads\/2023\/11\/400419983_369930168819741_8912484936712611344_n-1-100x75.jpg 100w, https:\/\/ops.wrzesnia.pl\/wp-content\/uploads\/2023\/11\/400419983_369930168819741_8912484936712611344_n-1-24x18.jpg 24w, https:\/\/ops.wrzesnia.pl\/wp-content\/uploads\/2023\/11\/400419983_369930168819741_8912484936712611344_n-1-36x27.jpg 36w, https:\/\/ops.wrzesnia.pl\/wp-content\/uploads\/2023\/11\/400419983_369930168819741_8912484936712611344_n-1-48x36.jpg 48w, https:\/\/ops.wrzesnia.pl\/wp-content\/uploads\/2023\/11\/400419983_369930168819741_8912484936712611344_n-1.jpg 2048w\" sizes=\"(max-width:767px) 480px, (max-width:1024px) 100vw, 1024px\" \/><\/figure>\n\n\n\n<figure class=\"wp-block-image size-large\"><img loading=\"lazy\" decoding=\"async\" width=\"1024\" height=\"768\" src=\"https:\/\/ops.wrzesnia.pl\/wp-content\/uploads\/2023\/11\/400803771_200379183107320_1964655246807163460_n-1024x768.jpg\" alt=\"\" class=\"wp-image-2254\" srcset=\"https:\/\/ops.wrzesnia.pl\/wp-content\/uploads\/2023\/11\/400803771_200379183107320_1964655246807163460_n-1024x768.jpg 1024w, https:\/\/ops.wrzesnia.pl\/wp-content\/uploads\/2023\/11\/400803771_200379183107320_1964655246807163460_n-300x225.jpg 300w, https:\/\/ops.wrzesnia.pl\/wp-content\/uploads\/2023\/11\/400803771_200379183107320_1964655246807163460_n-768x576.jpg 768w, https:\/\/ops.wrzesnia.pl\/wp-content\/uploads\/2023\/11\/400803771_200379183107320_1964655246807163460_n-1536x1152.jpg 1536w, https:\/\/ops.wrzesnia.pl\/wp-content\/uploads\/2023\/11\/400803771_200379183107320_1964655246807163460_n-195x146.jpg 195w, https:\/\/ops.wrzesnia.pl\/wp-content\/uploads\/2023\/11\/400803771_200379183107320_1964655246807163460_n-50x38.jpg 50w, https:\/\/ops.wrzesnia.pl\/wp-content\/uploads\/2023\/11\/400803771_200379183107320_1964655246807163460_n-100x75.jpg 100w, https:\/\/ops.wrzesnia.pl\/wp-content\/uploads\/2023\/11\/400803771_200379183107320_1964655246807163460_n-24x18.jpg 24w, https:\/\/ops.wrzesnia.pl\/wp-content\/uploads\/2023\/11\/400803771_200379183107320_1964655246807163460_n-36x27.jpg 36w, https:\/\/ops.wrzesnia.pl\/wp-content\/uploads\/2023\/11\/400803771_200379183107320_1964655246807163460_n-48x36.jpg 48w, https:\/\/ops.wrzesnia.pl\/wp-content\/uploads\/2023\/11\/400803771_200379183107320_1964655246807163460_n.jpg 2000w\" sizes=\"(max-width:767px) 480px, (max-width:1024px) 100vw, 1024px\" \/><\/figure>\n","protected":false},"excerpt":{"rendered":"<p>W dniu 16 listopada 2023 roku w siedzibie O\u015brodka Pomocy Spo\u0142ecznej we Wrze\u015bni przy ul. S\u0142owackiego 39, odby\u0142o si\u0119 szkolenie z profilaktyki uzale\u017cnie\u0144, kt\u00f3re zosta\u0142o poprowadzone<span class=\"excerpt-hellip\"> [\u2026]<\/span><\/p>\n","protected":false},"author":4,"featured_media":0,"comment_status":"open","ping_status":"open","sticky":false,"template":"","format":"standard","meta":{"footnotes":""},"categories":[1],"tags":[],"class_list":["post-2252","post","type-post","status-publish","format-standard","hentry","category-bez-kategorii"],"_links":{"self":[{"href":"https:\/\/ops.wrzesnia.pl\/wp-json\/wp\/v2\/posts\/2252"}],"collection":[{"href":"https:\/\/ops.wrzesnia.pl\/wp-json\/wp\/v2\/posts"}],"about":[{"href":"https:\/\/ops.wrzesnia.pl\/wp-json\/wp\/v2\/types\/post"}],"author":[{"embeddable":true,"href":"https:\/\/ops.wrzesnia.pl\/wp-json\/wp\/v2\/users\/4"}],"replies":[{"embeddable":true,"href":"https:\/\/ops.wrzesnia.pl\/wp-json\/wp\/v2\/comments?post=2252"}],"version-history":[{"count":1,"href":"https:\/\/ops.wrzesnia.pl\/wp-json\/wp\/v2\/posts\/2252\/revisions"}],"predecessor-version":[{"id":2255,"href":"https:\/\/ops.wrzesnia.pl\/wp-json\/wp\/v2\/posts\/2252\/revisions\/2255"}],"wp:attachment":[{"href":"https:\/\/ops.wrzesnia.pl\/wp-json\/wp\/v2\/media?parent=2252"}],"wp:term":[{"taxonomy":"category","embeddable":true,"href":"https:\/\/ops.wrzesnia.pl\/wp-json\/wp\/v2\/categories?post=2252"},{"taxonomy":"post_tag","embeddable":true,"href":"https:\/\/ops.wrzesnia.pl\/wp-json\/wp\/v2\/tags?post=2252"}],"curies":[{"name":"wp","href":"https:\/\/api.w.org\/{rel}","templated":true}]}}