{"id":2343,"date":"2024-02-01T14:25:30","date_gmt":"2024-02-01T13:25:30","guid":{"rendered":"https:\/\/ops.wrzesnia.pl\/?p=2343"},"modified":"2024-02-26T11:26:45","modified_gmt":"2024-02-26T10:26:45","slug":"ogloszenie-dyrektora-osrodka-pomocy-spolecznej-we-wrzesni-w-sprawie-zatrudnienia-terapeuty-zajeciowego-3","status":"publish","type":"post","link":"https:\/\/ops.wrzesnia.pl\/ogloszenie-dyrektora-osrodka-pomocy-spolecznej-we-wrzesni-w-sprawie-zatrudnienia-terapeuty-zajeciowego-3\/","title":{"rendered":"OG\u0141OSZENIE DYREKTORA O\u015aRODKA POMOCY SPO\u0141ECZNEJ WE WRZE\u015aNI W SPRAWIE ZATRUDNIENIA TERAPEUTY ZAJ\u0118CIOWEGO"},"content":{"rendered":"\n<p class=\"has-normal-font-size\">ZA\u0141\u0104CZNIKI:<\/p>\n\n\n\n<p class=\"has-normal-font-size\"><a href=\"https:\/\/ops.wrzesnia.pl\/wp-content\/uploads\/2024\/02\/OGLOSZENIE-terapeuta-zajeciowy.pdf\" data-type=\"URL\" data-id=\"https:\/\/ops.wrzesnia.pl\/wp-content\/uploads\/2024\/02\/OGLOSZENIE-terapeuta-zajeciowy.pdf\">og\u0142oszenie (PLIK PDF 1 MB)<\/a><\/p>\n\n\n\n<p class=\"has-normal-font-size\"><a href=\"https:\/\/ops-wrzesnia.biuletyn.net\/fls\/bip_pliki\/2023_10\/BIPF6078234C6B5D9Z\/Kwestionariusz_osobowy_dla_osoby_ubiegajacej_sie_o_zatrudnienie.pdf\" data-type=\"URL\" data-id=\"https:\/\/ops-wrzesnia.biuletyn.net\/fls\/bip_pliki\/2023_10\/BIPF6078234C6B5D9Z\/Kwestionariusz_osobowy_dla_osoby_ubiegajacej_sie_o_zatrudnienie.pdf\">kwestionariusz (PLIK PDF 940,31 KB)<\/a><\/p>\n","protected":false},"excerpt":{"rendered":"<p>ZA\u0141\u0104CZNIKI: og\u0142oszenie (PLIK PDF 1 MB) kwestionariusz (PLIK PDF 940,31 KB)<\/p>\n","protected":false},"author":4,"featured_media":0,"comment_status":"open","ping_status":"open","sticky":false,"template":"","format":"standard","meta":{"footnotes":""},"categories":[6],"tags":[],"class_list":["post-2343","post","type-post","status-publish","format-standard","hentry","category-nabory"],"_links":{"self":[{"href":"https:\/\/ops.wrzesnia.pl\/wp-json\/wp\/v2\/posts\/2343"}],"collection":[{"href":"https:\/\/ops.wrzesnia.pl\/wp-json\/wp\/v2\/posts"}],"about":[{"href":"https:\/\/ops.wrzesnia.pl\/wp-json\/wp\/v2\/types\/post"}],"author":[{"embeddable":true,"href":"https:\/\/ops.wrzesnia.pl\/wp-json\/wp\/v2\/users\/4"}],"replies":[{"embeddable":true,"href":"https:\/\/ops.wrzesnia.pl\/wp-json\/wp\/v2\/comments?post=2343"}],"version-history":[{"count":1,"href":"https:\/\/ops.wrzesnia.pl\/wp-json\/wp\/v2\/posts\/2343\/revisions"}],"predecessor-version":[{"id":2345,"href":"https:\/\/ops.wrzesnia.pl\/wp-json\/wp\/v2\/posts\/2343\/revisions\/2345"}],"wp:attachment":[{"href":"https:\/\/ops.wrzesnia.pl\/wp-json\/wp\/v2\/media?parent=2343"}],"wp:term":[{"taxonomy":"category","embeddable":true,"href":"https:\/\/ops.wrzesnia.pl\/wp-json\/wp\/v2\/categories?post=2343"},{"taxonomy":"post_tag","embeddable":true,"href":"https:\/\/ops.wrzesnia.pl\/wp-json\/wp\/v2\/tags?post=2343"}],"curies":[{"name":"wp","href":"https:\/\/api.w.org\/{rel}","templated":true}]}}