{"id":2374,"date":"2024-02-29T07:41:49","date_gmt":"2024-02-29T06:41:49","guid":{"rendered":"https:\/\/ops.wrzesnia.pl\/?p=2374"},"modified":"2024-02-29T07:41:50","modified_gmt":"2024-02-29T06:41:50","slug":"%d0%bf%d1%81%d0%b8%d1%85%d0%be%d0%bb%d0%be%d0%b3-%d0%b4%d0%bb%d1%8f-%d0%b3%d1%80%d0%be%d0%bc%d0%b0%d0%b4%d1%8f%d0%bd-%d1%83%d0%ba%d1%80%d0%b0%d1%97%d0%bd%d0%b8-psycholog-dla-obywateli-ukrainy","status":"publish","type":"post","link":"https:\/\/ops.wrzesnia.pl\/%d0%bf%d1%81%d0%b8%d1%85%d0%be%d0%bb%d0%be%d0%b3-%d0%b4%d0%bb%d1%8f-%d0%b3%d1%80%d0%be%d0%bc%d0%b0%d0%b4%d1%8f%d0%bd-%d1%83%d0%ba%d1%80%d0%b0%d1%97%d0%bd%d0%b8-psycholog-dla-obywateli-ukrainy\/","title":{"rendered":"\u041f\u0441\u0438\u0445\u043e\u043b\u043e\u0433 \u0434\u043b\u044f \u0433\u0440\u043e\u043c\u0430\u0434\u044f\u043d \u0423\u043a\u0440\u0430\u0457\u043d\u0438 (Psycholog dla obywateli Ukrainy)"},"content":{"rendered":"\n<p><strong>\u0412\u0406\u0414 1 \u0431\u0435\u0440\u0435\u0437\u043d\u044f<\/strong> \u043f\u0441\u0438\u0445\u043e\u043b\u043e\u0433 \u0431\u0443\u0434\u0435 \u043f\u0440\u0438\u0439\u043c\u0430\u0442\u0438 \u0437\u0430 \u0430\u0434\u0440\u0435\u0441\u043e\u044e: \u201eArka\u201d Niepubliczny O\u015brodek Rewalidacyjno Edukacyjno Wychowawczy, ul. So\u0142tysiaka 15, 62-300 Wrze\u015bnia.<br><strong>\u0414\u043d\u0456 \u043f\u0440\u0438\u0439\u043e\u043c\u0443:<\/strong> \u043f\u043e\u043d\u0435\u0434\u0456\u043b\u043e\u043a, \u0432\u0456\u0432\u0442\u043e\u0440\u043e\u043a, \u0441\u0435\u0440\u0435\u0434\u0430 <strong>\u0432 \u0433\u043e\u0434\u0438\u043d\u0430\u0445: <\/strong>15:00 &#8211; 18:00.<br>\u041f\u043e\u043f\u0435\u0440\u0435\u0434\u043d\u0456\u0439 \u0437\u0430\u043f\u0438\u0441 \u0437\u0430 \u043d\u043e\u043c\u0435\u0440\u043e\u043c \u0442\u0435\u043b\u0435\u0444\u043e\u043d\u0443: <strong>61 640 7200<\/strong>, \u0432 \u0433\u043e\u0434\u0438\u043d\u0430\u0445: 09:00 &#8211; 15:00.<\/p>\n\n\n\n<p><em>Psycholog dla obywateli Ukrainy b\u0119dzie przyjmowa\u0107 pod adresem: \u201cArka\u201d Niepubliczny O\u015brodek Rewalidacyjno Edukacyjno Wychowawczy, ul. So\u0142tysiaka 15, 62-300 Wrze\u015bnia.<br>W dniach: poniedzia\u0142ek, wtorek i \u015broda. W godzinach: 15:00 &#8211; 18:00.<br>Zapisy od poniedzia\u0142ku do pi\u0105tku pod numerem telefonu 61 640 7200, w godzinach: 09:00 &#8211; 15:00.<\/em><\/p>\n\n\n<div class=\"wp-block-image\">\n<figure class=\"aligncenter size-large is-resized\"><img loading=\"lazy\" decoding=\"async\" width=\"724\" height=\"1024\" src=\"https:\/\/ops.wrzesnia.pl\/wp-content\/uploads\/2024\/02\/Psycholog-1-724x1024.png\" alt=\"\" class=\"wp-image-2375\" style=\"width:447px;height:auto\" srcset=\"https:\/\/ops.wrzesnia.pl\/wp-content\/uploads\/2024\/02\/Psycholog-1-724x1024.png 724w, https:\/\/ops.wrzesnia.pl\/wp-content\/uploads\/2024\/02\/Psycholog-1-212x300.png 212w, https:\/\/ops.wrzesnia.pl\/wp-content\/uploads\/2024\/02\/Psycholog-1-768x1086.png 768w, https:\/\/ops.wrzesnia.pl\/wp-content\/uploads\/2024\/02\/Psycholog-1-1086x1536.png 1086w, https:\/\/ops.wrzesnia.pl\/wp-content\/uploads\/2024\/02\/Psycholog-1-1448x2048.png 1448w, https:\/\/ops.wrzesnia.pl\/wp-content\/uploads\/2024\/02\/Psycholog-1-53x75.png 53w, https:\/\/ops.wrzesnia.pl\/wp-content\/uploads\/2024\/02\/Psycholog-1-480x679.png 480w, https:\/\/ops.wrzesnia.pl\/wp-content\/uploads\/2024\/02\/Psycholog-1-17x24.png 17w, https:\/\/ops.wrzesnia.pl\/wp-content\/uploads\/2024\/02\/Psycholog-1-25x36.png 25w, https:\/\/ops.wrzesnia.pl\/wp-content\/uploads\/2024\/02\/Psycholog-1-34x48.png 34w\" sizes=\"(max-width:767px) 480px, 724px\" \/><\/figure><\/div>","protected":false},"excerpt":{"rendered":"<p>\u0412\u0406\u0414 1 \u0431\u0435\u0440\u0435\u0437\u043d\u044f \u043f\u0441\u0438\u0445\u043e\u043b\u043e\u0433 \u0431\u0443\u0434\u0435 \u043f\u0440\u0438\u0439\u043c\u0430\u0442\u0438 \u0437\u0430 \u0430\u0434\u0440\u0435\u0441\u043e\u044e: \u201eArka\u201d Niepubliczny O\u015brodek Rewalidacyjno Edukacyjno Wychowawczy, ul. So\u0142tysiaka 15, 62-300 Wrze\u015bnia.\u0414\u043d\u0456 \u043f\u0440\u0438\u0439\u043e\u043c\u0443: \u043f\u043e\u043d\u0435\u0434\u0456\u043b\u043e\u043a, \u0432\u0456\u0432\u0442\u043e\u0440\u043e\u043a, \u0441\u0435\u0440\u0435\u0434\u0430 \u0432 \u0433\u043e\u0434\u0438\u043d\u0430\u0445: 15:00<span class=\"excerpt-hellip\"> [\u2026]<\/span><\/p>\n","protected":false},"author":4,"featured_media":0,"comment_status":"open","ping_status":"open","sticky":false,"template":"","format":"standard","meta":{"footnotes":""},"categories":[1],"tags":[],"class_list":["post-2374","post","type-post","status-publish","format-standard","hentry","category-bez-kategorii"],"_links":{"self":[{"href":"https:\/\/ops.wrzesnia.pl\/wp-json\/wp\/v2\/posts\/2374"}],"collection":[{"href":"https:\/\/ops.wrzesnia.pl\/wp-json\/wp\/v2\/posts"}],"about":[{"href":"https:\/\/ops.wrzesnia.pl\/wp-json\/wp\/v2\/types\/post"}],"author":[{"embeddable":true,"href":"https:\/\/ops.wrzesnia.pl\/wp-json\/wp\/v2\/users\/4"}],"replies":[{"embeddable":true,"href":"https:\/\/ops.wrzesnia.pl\/wp-json\/wp\/v2\/comments?post=2374"}],"version-history":[{"count":1,"href":"https:\/\/ops.wrzesnia.pl\/wp-json\/wp\/v2\/posts\/2374\/revisions"}],"predecessor-version":[{"id":2376,"href":"https:\/\/ops.wrzesnia.pl\/wp-json\/wp\/v2\/posts\/2374\/revisions\/2376"}],"wp:attachment":[{"href":"https:\/\/ops.wrzesnia.pl\/wp-json\/wp\/v2\/media?parent=2374"}],"wp:term":[{"taxonomy":"category","embeddable":true,"href":"https:\/\/ops.wrzesnia.pl\/wp-json\/wp\/v2\/categories?post=2374"},{"taxonomy":"post_tag","embeddable":true,"href":"https:\/\/ops.wrzesnia.pl\/wp-json\/wp\/v2\/tags?post=2374"}],"curies":[{"name":"wp","href":"https:\/\/api.w.org\/{rel}","templated":true}]}}