{"id":2381,"date":"2024-03-01T13:58:17","date_gmt":"2024-03-01T12:58:17","guid":{"rendered":"https:\/\/ops.wrzesnia.pl\/?p=2381"},"modified":"2024-03-01T13:58:18","modified_gmt":"2024-03-01T12:58:18","slug":"osrodek-pomocy-spolecznej-we-wrzesni-zatrudni-kandydata-na-stanowisko-referent-w-sekcji-organizacyjno-administracyjnej","status":"publish","type":"post","link":"https:\/\/ops.wrzesnia.pl\/osrodek-pomocy-spolecznej-we-wrzesni-zatrudni-kandydata-na-stanowisko-referent-w-sekcji-organizacyjno-administracyjnej\/","title":{"rendered":"O\u015brodek Pomocy Spo\u0142ecznej we Wrze\u015bni zatrudni kandydata na stanowisko &#8211; REFERENT w Sekcji Organizacyjno-Administracyjnej"},"content":{"rendered":"\n<ul class=\"wp-block-list\">\n<li><a href=\"https:\/\/ops.wrzesnia.pl\/wp-content\/uploads\/2024\/03\/Ogloszenie-referent.pdf\" data-type=\"link\" data-id=\"https:\/\/ops.wrzesnia.pl\/wp-content\/uploads\/2024\/03\/Ogloszenie-referent.pdf\">Og\u0142oszenie (PLIK PDF 2MB)<\/a><\/li>\n\n\n\n<li><a href=\"https:\/\/ops.wrzesnia.pl\/wp-content\/uploads\/2024\/03\/Kwestionariusz-osobowy-dla-osoby-ubiegajacej-sie-o-zatrudnienie-01.03.2024.pdf\" data-type=\"link\" data-id=\"https:\/\/ops.wrzesnia.pl\/wp-content\/uploads\/2024\/03\/Kwestionariusz-osobowy-dla-osoby-ubiegajacej-sie-o-zatrudnienie-01.03.2024.pdf\">Kwestionariusz osobowy dla osoby ubiegaj\u0105cej si\u0119 o zatrudnienie (PLIK PDF 57 KB)<\/a><\/li>\n<\/ul>\n","protected":false},"excerpt":{"rendered":"","protected":false},"author":4,"featured_media":0,"comment_status":"open","ping_status":"open","sticky":false,"template":"","format":"standard","meta":{"footnotes":""},"categories":[1],"tags":[],"class_list":["post-2381","post","type-post","status-publish","format-standard","hentry","category-bez-kategorii"],"_links":{"self":[{"href":"https:\/\/ops.wrzesnia.pl\/wp-json\/wp\/v2\/posts\/2381"}],"collection":[{"href":"https:\/\/ops.wrzesnia.pl\/wp-json\/wp\/v2\/posts"}],"about":[{"href":"https:\/\/ops.wrzesnia.pl\/wp-json\/wp\/v2\/types\/post"}],"author":[{"embeddable":true,"href":"https:\/\/ops.wrzesnia.pl\/wp-json\/wp\/v2\/users\/4"}],"replies":[{"embeddable":true,"href":"https:\/\/ops.wrzesnia.pl\/wp-json\/wp\/v2\/comments?post=2381"}],"version-history":[{"count":1,"href":"https:\/\/ops.wrzesnia.pl\/wp-json\/wp\/v2\/posts\/2381\/revisions"}],"predecessor-version":[{"id":2382,"href":"https:\/\/ops.wrzesnia.pl\/wp-json\/wp\/v2\/posts\/2381\/revisions\/2382"}],"wp:attachment":[{"href":"https:\/\/ops.wrzesnia.pl\/wp-json\/wp\/v2\/media?parent=2381"}],"wp:term":[{"taxonomy":"category","embeddable":true,"href":"https:\/\/ops.wrzesnia.pl\/wp-json\/wp\/v2\/categories?post=2381"},{"taxonomy":"post_tag","embeddable":true,"href":"https:\/\/ops.wrzesnia.pl\/wp-json\/wp\/v2\/tags?post=2381"}],"curies":[{"name":"wp","href":"https:\/\/api.w.org\/{rel}","templated":true}]}}