{"id":2406,"date":"2024-04-03T07:54:10","date_gmt":"2024-04-03T05:54:10","guid":{"rendered":"https:\/\/ops.wrzesnia.pl\/?p=2406"},"modified":"2024-04-03T07:54:11","modified_gmt":"2024-04-03T05:54:11","slug":"wrzesinska-karta-mieszkanca","status":"publish","type":"post","link":"https:\/\/ops.wrzesnia.pl\/wrzesinska-karta-mieszkanca\/","title":{"rendered":"Wrzesi\u0144ska Karta Mieszka\u0144ca"},"content":{"rendered":"\n<p class=\"has-text-align-center has-white-color has-text-color has-background has-link-color has-medium-font-size wp-elements-d5f6e6a263492807a07b3bfd378bc884\" style=\"background-color:#922f43\"><strong><a href=\"https:\/\/www.wrzesnia.pl\/asp\/wrzesinska-karta-mieszkanca,2,artykul,1,1792\" data-type=\"link\" data-id=\"https:\/\/www.wrzesnia.pl\/asp\/wrzesinska-karta-mieszkanca,2,artykul,1,1792\">LINK: https:\/\/www.wrzesnia.pl\/asp\/wrzesinska-karta-mieszkanca,2,artykul,1,1792 <\/a><\/strong><\/p>\n\n\n\n<p><strong>POBIERZ WNIOSEK O\u00a0KART\u0118 MIESZKA\u0143CA <\/strong><br><strong>druk wniosku b\u0119dzie obowi\u0105zywa\u0142 od 3 kwietnia\u00a0<\/strong><\/p>\n\n\n\n<p><a href=\"https:\/\/www.wrzesnia.pl\/asp\/pliki\/2020\/strona_www_druk_wniosku_-_wydanie_karty_mieszkanca.pdf\">wniosek &#8211; wersja pdf<\/a><br><a href=\"https:\/\/www.wrzesnia.pl\/asp\/pliki\/2020\/strona_www_druk_wniosku_-_wydanie_karty_mieszkanca_aktywny.pdf\">wniosek &#8211; wersja aktywny pdf<\/a><\/p>\n\n\n\n<p><a href=\"https:\/\/bip.wrzesnia.pl\/fls\/bip_pliki\/2024_03\/BIPF613748038D1A2Z\/U-481_Wrzesinska_Karta_Mieszkanca.pdf\" target=\"_blank\" rel=\"noreferrer noopener\">UCHWA\u0141A NR XLVII\/481\/2024 Rady Miejskiej we Wrze\u015bni z\u00a0dnia 7 marca 2024 r. w\u00a0sprawie przyj\u0119cia Programu,,Wrzesi\u0144ska Karta Mieszka\u0144ca\u201d.<\/a><\/p>\n\n\n<div class=\"wp-block-image is-style-default\">\n<figure class=\"aligncenter size-full is-resized\"><img loading=\"lazy\" decoding=\"async\" width=\"780\" height=\"1655\" src=\"https:\/\/ops.wrzesnia.pl\/wp-content\/uploads\/2024\/04\/wrzesinska_karta_mieszkanca-1.png\" alt=\"\" class=\"wp-image-2407\" style=\"width:500px\" srcset=\"https:\/\/ops.wrzesnia.pl\/wp-content\/uploads\/2024\/04\/wrzesinska_karta_mieszkanca-1.png 780w, https:\/\/ops.wrzesnia.pl\/wp-content\/uploads\/2024\/04\/wrzesinska_karta_mieszkanca-1-141x300.png 141w, https:\/\/ops.wrzesnia.pl\/wp-content\/uploads\/2024\/04\/wrzesinska_karta_mieszkanca-1-483x1024.png 483w, https:\/\/ops.wrzesnia.pl\/wp-content\/uploads\/2024\/04\/wrzesinska_karta_mieszkanca-1-768x1630.png 768w, https:\/\/ops.wrzesnia.pl\/wp-content\/uploads\/2024\/04\/wrzesinska_karta_mieszkanca-1-724x1536.png 724w, https:\/\/ops.wrzesnia.pl\/wp-content\/uploads\/2024\/04\/wrzesinska_karta_mieszkanca-1-35x75.png 35w, https:\/\/ops.wrzesnia.pl\/wp-content\/uploads\/2024\/04\/wrzesinska_karta_mieszkanca-1-452x960.png 452w, https:\/\/ops.wrzesnia.pl\/wp-content\/uploads\/2024\/04\/wrzesinska_karta_mieszkanca-1-11x24.png 11w, https:\/\/ops.wrzesnia.pl\/wp-content\/uploads\/2024\/04\/wrzesinska_karta_mieszkanca-1-17x36.png 17w, https:\/\/ops.wrzesnia.pl\/wp-content\/uploads\/2024\/04\/wrzesinska_karta_mieszkanca-1-23x48.png 23w\" sizes=\"(max-width:767px) 480px, (max-width:780px) 100vw, 780px\" \/><\/figure><\/div>\n\n<div class=\"wp-block-image\">\n<figure class=\"aligncenter size-full is-resized\"><img loading=\"lazy\" decoding=\"async\" width=\"780\" height=\"1655\" src=\"https:\/\/ops.wrzesnia.pl\/wp-content\/uploads\/2024\/04\/wrzesinska_karta_mieszkanca-2.png\" alt=\"\" class=\"wp-image-2408\" style=\"width:500px\" srcset=\"https:\/\/ops.wrzesnia.pl\/wp-content\/uploads\/2024\/04\/wrzesinska_karta_mieszkanca-2.png 780w, https:\/\/ops.wrzesnia.pl\/wp-content\/uploads\/2024\/04\/wrzesinska_karta_mieszkanca-2-141x300.png 141w, https:\/\/ops.wrzesnia.pl\/wp-content\/uploads\/2024\/04\/wrzesinska_karta_mieszkanca-2-483x1024.png 483w, https:\/\/ops.wrzesnia.pl\/wp-content\/uploads\/2024\/04\/wrzesinska_karta_mieszkanca-2-768x1630.png 768w, https:\/\/ops.wrzesnia.pl\/wp-content\/uploads\/2024\/04\/wrzesinska_karta_mieszkanca-2-724x1536.png 724w, https:\/\/ops.wrzesnia.pl\/wp-content\/uploads\/2024\/04\/wrzesinska_karta_mieszkanca-2-35x75.png 35w, https:\/\/ops.wrzesnia.pl\/wp-content\/uploads\/2024\/04\/wrzesinska_karta_mieszkanca-2-452x960.png 452w, https:\/\/ops.wrzesnia.pl\/wp-content\/uploads\/2024\/04\/wrzesinska_karta_mieszkanca-2-11x24.png 11w, https:\/\/ops.wrzesnia.pl\/wp-content\/uploads\/2024\/04\/wrzesinska_karta_mieszkanca-2-17x36.png 17w, https:\/\/ops.wrzesnia.pl\/wp-content\/uploads\/2024\/04\/wrzesinska_karta_mieszkanca-2-23x48.png 23w\" sizes=\"(max-width:767px) 480px, (max-width:780px) 100vw, 780px\" \/><\/figure><\/div>","protected":false},"excerpt":{"rendered":"<p>LINK: https:\/\/www.wrzesnia.pl\/asp\/wrzesinska-karta-mieszkanca,2,artykul,1,1792 POBIERZ WNIOSEK O\u00a0KART\u0118 MIESZKA\u0143CA druk wniosku b\u0119dzie obowi\u0105zywa\u0142 od 3 kwietnia\u00a0 wniosek &#8211; wersja pdfwniosek &#8211; wersja aktywny pdf UCHWA\u0141A NR XLVII\/481\/2024 Rady Miejskiej<span class=\"excerpt-hellip\"> [\u2026]<\/span><\/p>\n","protected":false},"author":4,"featured_media":0,"comment_status":"open","ping_status":"open","sticky":false,"template":"","format":"standard","meta":{"footnotes":""},"categories":[1],"tags":[],"class_list":["post-2406","post","type-post","status-publish","format-standard","hentry","category-bez-kategorii"],"_links":{"self":[{"href":"https:\/\/ops.wrzesnia.pl\/wp-json\/wp\/v2\/posts\/2406"}],"collection":[{"href":"https:\/\/ops.wrzesnia.pl\/wp-json\/wp\/v2\/posts"}],"about":[{"href":"https:\/\/ops.wrzesnia.pl\/wp-json\/wp\/v2\/types\/post"}],"author":[{"embeddable":true,"href":"https:\/\/ops.wrzesnia.pl\/wp-json\/wp\/v2\/users\/4"}],"replies":[{"embeddable":true,"href":"https:\/\/ops.wrzesnia.pl\/wp-json\/wp\/v2\/comments?post=2406"}],"version-history":[{"count":1,"href":"https:\/\/ops.wrzesnia.pl\/wp-json\/wp\/v2\/posts\/2406\/revisions"}],"predecessor-version":[{"id":2409,"href":"https:\/\/ops.wrzesnia.pl\/wp-json\/wp\/v2\/posts\/2406\/revisions\/2409"}],"wp:attachment":[{"href":"https:\/\/ops.wrzesnia.pl\/wp-json\/wp\/v2\/media?parent=2406"}],"wp:term":[{"taxonomy":"category","embeddable":true,"href":"https:\/\/ops.wrzesnia.pl\/wp-json\/wp\/v2\/categories?post=2406"},{"taxonomy":"post_tag","embeddable":true,"href":"https:\/\/ops.wrzesnia.pl\/wp-json\/wp\/v2\/tags?post=2406"}],"curies":[{"name":"wp","href":"https:\/\/api.w.org\/{rel}","templated":true}]}}