{"id":2415,"date":"2024-04-19T14:24:27","date_gmt":"2024-04-19T12:24:27","guid":{"rendered":"https:\/\/ops.wrzesnia.pl\/?p=2415"},"modified":"2024-04-19T14:24:28","modified_gmt":"2024-04-19T12:24:28","slug":"strona-na-facebooku-osrodka-pomocy-spolecznej-we-wrzesni","status":"publish","type":"post","link":"https:\/\/ops.wrzesnia.pl\/strona-na-facebooku-osrodka-pomocy-spolecznej-we-wrzesni\/","title":{"rendered":"Strona na Facebooku O\u015brodka Pomocy Spo\u0142ecznej we Wrze\u015bni"},"content":{"rendered":"\n<p class=\"has-text-align-center has-white-color has-text-color has-background has-link-color has-medium-font-size wp-elements-bcc853c2fc74feecdb5e8b9d73fd7a7d\" style=\"background-color:#a4214a\"><strong><a href=\"https:\/\/www.facebook.com\/profile.php?id=61558431818216\" data-type=\"link\" data-id=\"https:\/\/www.facebook.com\/profile.php?id=61558431818216\">Strona na Facebooku O\u015brodka Pomocy Spo\u0142ecznej we Wrze\u015bni &#8211; LINK<\/a><\/strong><\/p>\n\n\n<div class=\"wp-block-image\">\n<figure class=\"aligncenter size-full\"><img loading=\"lazy\" decoding=\"async\" width=\"2187\" height=\"1640\" src=\"https:\/\/ops.wrzesnia.pl\/wp-content\/uploads\/2024\/04\/image-1.png\" alt=\"\" class=\"wp-image-2417\" srcset=\"https:\/\/ops.wrzesnia.pl\/wp-content\/uploads\/2024\/04\/image-1.png 2187w, https:\/\/ops.wrzesnia.pl\/wp-content\/uploads\/2024\/04\/image-1-300x225.png 300w, https:\/\/ops.wrzesnia.pl\/wp-content\/uploads\/2024\/04\/image-1-1024x768.png 1024w, https:\/\/ops.wrzesnia.pl\/wp-content\/uploads\/2024\/04\/image-1-768x576.png 768w, https:\/\/ops.wrzesnia.pl\/wp-content\/uploads\/2024\/04\/image-1-1536x1152.png 1536w, https:\/\/ops.wrzesnia.pl\/wp-content\/uploads\/2024\/04\/image-1-2048x1536.png 2048w, https:\/\/ops.wrzesnia.pl\/wp-content\/uploads\/2024\/04\/image-1-100x75.png 100w, https:\/\/ops.wrzesnia.pl\/wp-content\/uploads\/2024\/04\/image-1-480x360.png 480w, https:\/\/ops.wrzesnia.pl\/wp-content\/uploads\/2024\/04\/image-1-24x18.png 24w, https:\/\/ops.wrzesnia.pl\/wp-content\/uploads\/2024\/04\/image-1-36x27.png 36w, https:\/\/ops.wrzesnia.pl\/wp-content\/uploads\/2024\/04\/image-1-48x36.png 48w\" sizes=\"(max-width:767px) 480px, (max-width:2187px) 100vw, 2187px\" \/><\/figure><\/div>","protected":false},"excerpt":{"rendered":"<p>Strona na Facebooku O\u015brodka Pomocy Spo\u0142ecznej we Wrze\u015bni &#8211; LINK<\/p>\n","protected":false},"author":4,"featured_media":0,"comment_status":"open","ping_status":"open","sticky":false,"template":"","format":"standard","meta":{"footnotes":""},"categories":[1],"tags":[],"class_list":["post-2415","post","type-post","status-publish","format-standard","hentry","category-bez-kategorii"],"_links":{"self":[{"href":"https:\/\/ops.wrzesnia.pl\/wp-json\/wp\/v2\/posts\/2415"}],"collection":[{"href":"https:\/\/ops.wrzesnia.pl\/wp-json\/wp\/v2\/posts"}],"about":[{"href":"https:\/\/ops.wrzesnia.pl\/wp-json\/wp\/v2\/types\/post"}],"author":[{"embeddable":true,"href":"https:\/\/ops.wrzesnia.pl\/wp-json\/wp\/v2\/users\/4"}],"replies":[{"embeddable":true,"href":"https:\/\/ops.wrzesnia.pl\/wp-json\/wp\/v2\/comments?post=2415"}],"version-history":[{"count":1,"href":"https:\/\/ops.wrzesnia.pl\/wp-json\/wp\/v2\/posts\/2415\/revisions"}],"predecessor-version":[{"id":2418,"href":"https:\/\/ops.wrzesnia.pl\/wp-json\/wp\/v2\/posts\/2415\/revisions\/2418"}],"wp:attachment":[{"href":"https:\/\/ops.wrzesnia.pl\/wp-json\/wp\/v2\/media?parent=2415"}],"wp:term":[{"taxonomy":"category","embeddable":true,"href":"https:\/\/ops.wrzesnia.pl\/wp-json\/wp\/v2\/categories?post=2415"},{"taxonomy":"post_tag","embeddable":true,"href":"https:\/\/ops.wrzesnia.pl\/wp-json\/wp\/v2\/tags?post=2415"}],"curies":[{"name":"wp","href":"https:\/\/api.w.org\/{rel}","templated":true}]}}