{"id":2420,"date":"2024-04-25T10:32:28","date_gmt":"2024-04-25T08:32:28","guid":{"rendered":"https:\/\/ops.wrzesnia.pl\/?p=2420"},"modified":"2024-05-15T09:45:08","modified_gmt":"2024-05-15T07:45:08","slug":"ogloszenie-dyrektora-osrodka-pomocy-spolecznej-we-wrzesni-w-sprawie-zatrudnienia-na-stanowisko-pracownik-socjalny","status":"publish","type":"post","link":"https:\/\/ops.wrzesnia.pl\/ogloszenie-dyrektora-osrodka-pomocy-spolecznej-we-wrzesni-w-sprawie-zatrudnienia-na-stanowisko-pracownik-socjalny\/","title":{"rendered":"Og\u0142oszenie Dyrektora O\u015brodka Pomocy Spo\u0142ecznej we Wrze\u015bni w sprawie zatrudnienia na stanowisko &#8211; PRACOWNIK SOCJALNY"},"content":{"rendered":"\n<p>ZA\u0141\u0104CZNIKI:<\/p>\n\n\n\n<p><a href=\"https:\/\/ops.wrzesnia.pl\/wp-content\/uploads\/2024\/05\/Informacja-o-przedluzeniu-terminu-skladania-dokumentow.pdf\" data-type=\"link\" data-id=\"https:\/\/ops.wrzesnia.pl\/wp-content\/uploads\/2024\/05\/Informacja-o-przedluzeniu-terminu-skladania-dokumentow.pdf\"><strong>Informacja o przed\u0142u\u017ceniu terminu sk\u0142adania dokument\u00f3w \u2013 PRACOWNIK SOCJALNY (PDF 322 KB)<\/strong><\/a><\/p>\n\n\n\n<p><a href=\"https:\/\/ops.wrzesnia.pl\/wp-content\/uploads\/2024\/04\/Ogloszenie-Dyrektora-Osrodka-Pomocy-Spolecznej-we-Wrzesni-2024.pdf\" data-type=\"link\" data-id=\"https:\/\/ops.wrzesnia.pl\/wp-content\/uploads\/2024\/04\/Ogloszenie-Dyrektora-Osrodka-Pomocy-Spolecznej-we-Wrzesni-2024.pdf\">og\u0142oszenie (PLIK PDF 2 MB)<\/a><\/p>\n\n\n\n<p><a href=\"https:\/\/ops-wrzesnia.biuletyn.net\/fls\/bip_pliki\/2023_10\/BIPF6078234C6B5D9Z\/Kwestionariusz_osobowy_dla_osoby_ubiegajacej_sie_o_zatrudnienie.pdf\" data-type=\"URL\" data-id=\"https:\/\/ops-wrzesnia.biuletyn.net\/fls\/bip_pliki\/2023_10\/BIPF6078234C6B5D9Z\/Kwestionariusz_osobowy_dla_osoby_ubiegajacej_sie_o_zatrudnienie.pdf\">kwestionariusz (PLIK PDF 940,31 KB)<\/a><\/p>\n","protected":false},"excerpt":{"rendered":"<p>ZA\u0141\u0104CZNIKI: Informacja o przed\u0142u\u017ceniu terminu sk\u0142adania dokument\u00f3w \u2013 PRACOWNIK SOCJALNY (PDF 322 KB) og\u0142oszenie (PLIK PDF 2 MB) kwestionariusz (PLIK PDF 940,31 KB)<\/p>\n","protected":false},"author":4,"featured_media":0,"comment_status":"open","ping_status":"open","sticky":false,"template":"","format":"standard","meta":{"footnotes":""},"categories":[1],"tags":[],"class_list":["post-2420","post","type-post","status-publish","format-standard","hentry","category-bez-kategorii"],"_links":{"self":[{"href":"https:\/\/ops.wrzesnia.pl\/wp-json\/wp\/v2\/posts\/2420"}],"collection":[{"href":"https:\/\/ops.wrzesnia.pl\/wp-json\/wp\/v2\/posts"}],"about":[{"href":"https:\/\/ops.wrzesnia.pl\/wp-json\/wp\/v2\/types\/post"}],"author":[{"embeddable":true,"href":"https:\/\/ops.wrzesnia.pl\/wp-json\/wp\/v2\/users\/4"}],"replies":[{"embeddable":true,"href":"https:\/\/ops.wrzesnia.pl\/wp-json\/wp\/v2\/comments?post=2420"}],"version-history":[{"count":2,"href":"https:\/\/ops.wrzesnia.pl\/wp-json\/wp\/v2\/posts\/2420\/revisions"}],"predecessor-version":[{"id":2439,"href":"https:\/\/ops.wrzesnia.pl\/wp-json\/wp\/v2\/posts\/2420\/revisions\/2439"}],"wp:attachment":[{"href":"https:\/\/ops.wrzesnia.pl\/wp-json\/wp\/v2\/media?parent=2420"}],"wp:term":[{"taxonomy":"category","embeddable":true,"href":"https:\/\/ops.wrzesnia.pl\/wp-json\/wp\/v2\/categories?post=2420"},{"taxonomy":"post_tag","embeddable":true,"href":"https:\/\/ops.wrzesnia.pl\/wp-json\/wp\/v2\/tags?post=2420"}],"curies":[{"name":"wp","href":"https:\/\/api.w.org\/{rel}","templated":true}]}}