{"id":2437,"date":"2024-05-15T09:44:44","date_gmt":"2024-05-15T07:44:44","guid":{"rendered":"https:\/\/ops.wrzesnia.pl\/?p=2437"},"modified":"2024-05-15T10:03:17","modified_gmt":"2024-05-15T08:03:17","slug":"informacja-o-przedluzeniu-terminu-skladania-dokumentow-pracownik-socjalny","status":"publish","type":"post","link":"https:\/\/ops.wrzesnia.pl\/informacja-o-przedluzeniu-terminu-skladania-dokumentow-pracownik-socjalny\/","title":{"rendered":"Informacja o przed\u0142u\u017ceniu terminu sk\u0142adania dokument\u00f3w \u2013 PRACOWNIK SOCJALNY"},"content":{"rendered":"\n<p><a href=\"https:\/\/ops.wrzesnia.pl\/wp-content\/uploads\/2024\/05\/Informacja-o-przedluzeniu-terminu-skladania-dokumentow.pdf\" data-type=\"link\" data-id=\"https:\/\/ops.wrzesnia.pl\/wp-content\/uploads\/2024\/05\/Informacja-o-przedluzeniu-terminu-skladania-dokumentow.pdf\">Informacja o przed\u0142u\u017ceniu terminu sk\u0142adania dokument\u00f3w \u2013 PRACOWNIK SOCJALNY (PDF 322 KB)<\/a><\/p>\n\n\n\n<p><a href=\"https:\/\/ops.wrzesnia.pl\/ogloszenie-dyrektora-osrodka-pomocy-spolecznej-we-wrzesni-w-sprawie-zatrudnienia-na-stanowisko-pracownik-socjalny\/\" data-type=\"link\" data-id=\"https:\/\/ops.wrzesnia.pl\/ogloszenie-dyrektora-osrodka-pomocy-spolecznej-we-wrzesni-w-sprawie-zatrudnienia-na-stanowisko-pracownik-socjalny\/\">Og\u0142oszenie Dyrektora O\u015brodka Pomocy Spo\u0142ecznej we Wrze\u015bni w sprawie zatrudnienia na stanowisko \u2013 PRACOWNIK SOCJALNY (LINK)<\/a><\/p>\n","protected":false},"excerpt":{"rendered":"<p>Informacja o przed\u0142u\u017ceniu terminu sk\u0142adania dokument\u00f3w \u2013 PRACOWNIK SOCJALNY (PDF 322 KB) Og\u0142oszenie Dyrektora O\u015brodka Pomocy Spo\u0142ecznej we Wrze\u015bni w sprawie zatrudnienia na stanowisko \u2013 PRACOWNIK<span class=\"excerpt-hellip\"> [\u2026]<\/span><\/p>\n","protected":false},"author":4,"featured_media":0,"comment_status":"open","ping_status":"open","sticky":false,"template":"","format":"standard","meta":{"footnotes":""},"categories":[1],"tags":[],"class_list":["post-2437","post","type-post","status-publish","format-standard","hentry","category-bez-kategorii"],"_links":{"self":[{"href":"https:\/\/ops.wrzesnia.pl\/wp-json\/wp\/v2\/posts\/2437"}],"collection":[{"href":"https:\/\/ops.wrzesnia.pl\/wp-json\/wp\/v2\/posts"}],"about":[{"href":"https:\/\/ops.wrzesnia.pl\/wp-json\/wp\/v2\/types\/post"}],"author":[{"embeddable":true,"href":"https:\/\/ops.wrzesnia.pl\/wp-json\/wp\/v2\/users\/4"}],"replies":[{"embeddable":true,"href":"https:\/\/ops.wrzesnia.pl\/wp-json\/wp\/v2\/comments?post=2437"}],"version-history":[{"count":1,"href":"https:\/\/ops.wrzesnia.pl\/wp-json\/wp\/v2\/posts\/2437\/revisions"}],"predecessor-version":[{"id":2438,"href":"https:\/\/ops.wrzesnia.pl\/wp-json\/wp\/v2\/posts\/2437\/revisions\/2438"}],"wp:attachment":[{"href":"https:\/\/ops.wrzesnia.pl\/wp-json\/wp\/v2\/media?parent=2437"}],"wp:term":[{"taxonomy":"category","embeddable":true,"href":"https:\/\/ops.wrzesnia.pl\/wp-json\/wp\/v2\/categories?post=2437"},{"taxonomy":"post_tag","embeddable":true,"href":"https:\/\/ops.wrzesnia.pl\/wp-json\/wp\/v2\/tags?post=2437"}],"curies":[{"name":"wp","href":"https:\/\/api.w.org\/{rel}","templated":true}]}}