{"id":2443,"date":"2024-05-31T14:17:28","date_gmt":"2024-05-31T12:17:28","guid":{"rendered":"https:\/\/ops.wrzesnia.pl\/?p=2443"},"modified":"2024-05-31T14:17:29","modified_gmt":"2024-05-31T12:17:29","slug":"wrzesinska-karta-mieszkanca-2","status":"publish","type":"post","link":"https:\/\/ops.wrzesnia.pl\/wrzesinska-karta-mieszkanca-2\/","title":{"rendered":"WRZESI\u0143SKA KARTA MIESZKA\u0143CA"},"content":{"rendered":"\n<p><br><strong>Od 3 CZERWCA wnioski o wydanie karty b\u0119dzie mo\u017cna z\u0142o\u017cy\u0107:<\/strong><\/p>\n\n\n\n<ul class=\"wp-block-list\">\n<li>w Punkcie Wspierania Spo\u0142eczno\u015bci Lokalnej przy ul. Chopina 8, poniedzia\u0142ek w godz. 8:00 &#8211; 16:00, od wtorku do pi\u0105tku w godz. 7:00 &#8211; 15:00<\/li>\n\n\n\n<li>na basenie odkrytym przy ul. Gnie\u017anie\u0144skiej 32a, od poniedzia\u0142ku do pi\u0105tku w godz. 10:00 &#8211; 17:00.<br><\/li>\n<\/ul>\n\n\n\n<p><strong>Dla kogo przeznaczona jest Wrzesi\u0144ska Karta Mieszka\u0144ca?<br><\/strong>Dla mieszka\u0144c\u00f3w gminy Wrze\u015bnia, kt\u00f3rzy jednocze\u015bnie rozliczaj\u0105 sw\u00f3j PIT w Urz\u0119dzie Skarbowym we Wrze\u015bni.<\/p>\n\n\n\n<p><strong>LINK: <a href=\"https:\/\/www.wrzesnia.pl\/asp\/wrzesinska-karta-mieszkanca,2,artykul,1,1792\">https:\/\/www.wrzesnia.pl\/asp\/wrzesinska-karta-mieszkanca,2,artykul,1,1792<\/a> <\/strong><\/p>\n\n\n<div class=\"wp-block-image\">\n<figure class=\"aligncenter size-large\"><img loading=\"lazy\" decoding=\"async\" width=\"700\" height=\"1024\" src=\"https:\/\/ops.wrzesnia.pl\/wp-content\/uploads\/2024\/05\/karta_mieszkanca_3_lamy-1-700x1024.png\" alt=\"\" class=\"wp-image-2444\" srcset=\"https:\/\/ops.wrzesnia.pl\/wp-content\/uploads\/2024\/05\/karta_mieszkanca_3_lamy-1-700x1024.png 700w, https:\/\/ops.wrzesnia.pl\/wp-content\/uploads\/2024\/05\/karta_mieszkanca_3_lamy-1-205x300.png 205w, https:\/\/ops.wrzesnia.pl\/wp-content\/uploads\/2024\/05\/karta_mieszkanca_3_lamy-1-768x1123.png 768w, https:\/\/ops.wrzesnia.pl\/wp-content\/uploads\/2024\/05\/karta_mieszkanca_3_lamy-1-51x75.png 51w, https:\/\/ops.wrzesnia.pl\/wp-content\/uploads\/2024\/05\/karta_mieszkanca_3_lamy-1-480x702.png 480w, https:\/\/ops.wrzesnia.pl\/wp-content\/uploads\/2024\/05\/karta_mieszkanca_3_lamy-1-16x24.png 16w, https:\/\/ops.wrzesnia.pl\/wp-content\/uploads\/2024\/05\/karta_mieszkanca_3_lamy-1-25x36.png 25w, https:\/\/ops.wrzesnia.pl\/wp-content\/uploads\/2024\/05\/karta_mieszkanca_3_lamy-1-33x48.png 33w, https:\/\/ops.wrzesnia.pl\/wp-content\/uploads\/2024\/05\/karta_mieszkanca_3_lamy-1.png 969w\" sizes=\"(max-width:767px) 480px, 700px\" \/><\/figure><\/div>\n\n<div class=\"wp-block-image\">\n<figure class=\"aligncenter size-large is-resized\"><img loading=\"lazy\" decoding=\"async\" width=\"700\" height=\"1024\" src=\"https:\/\/ops.wrzesnia.pl\/wp-content\/uploads\/2024\/05\/karta_mieszkanca_3_lamy-2-700x1024.png\" alt=\"\" class=\"wp-image-2445\" style=\"width:700px;height:auto\" srcset=\"https:\/\/ops.wrzesnia.pl\/wp-content\/uploads\/2024\/05\/karta_mieszkanca_3_lamy-2-700x1024.png 700w, https:\/\/ops.wrzesnia.pl\/wp-content\/uploads\/2024\/05\/karta_mieszkanca_3_lamy-2-205x300.png 205w, https:\/\/ops.wrzesnia.pl\/wp-content\/uploads\/2024\/05\/karta_mieszkanca_3_lamy-2-768x1123.png 768w, https:\/\/ops.wrzesnia.pl\/wp-content\/uploads\/2024\/05\/karta_mieszkanca_3_lamy-2-51x75.png 51w, https:\/\/ops.wrzesnia.pl\/wp-content\/uploads\/2024\/05\/karta_mieszkanca_3_lamy-2-480x702.png 480w, https:\/\/ops.wrzesnia.pl\/wp-content\/uploads\/2024\/05\/karta_mieszkanca_3_lamy-2-16x24.png 16w, https:\/\/ops.wrzesnia.pl\/wp-content\/uploads\/2024\/05\/karta_mieszkanca_3_lamy-2-25x36.png 25w, https:\/\/ops.wrzesnia.pl\/wp-content\/uploads\/2024\/05\/karta_mieszkanca_3_lamy-2-33x48.png 33w, https:\/\/ops.wrzesnia.pl\/wp-content\/uploads\/2024\/05\/karta_mieszkanca_3_lamy-2.png 969w\" sizes=\"(max-width:767px) 480px, 700px\" \/><\/figure><\/div>\n\n<div class=\"wp-block-image\">\n<figure class=\"aligncenter size-large\"><img loading=\"lazy\" decoding=\"async\" width=\"700\" height=\"1024\" src=\"https:\/\/ops.wrzesnia.pl\/wp-content\/uploads\/2024\/05\/karta_mieszkanca_3_lamy-3-700x1024.png\" alt=\"\" class=\"wp-image-2446\" srcset=\"https:\/\/ops.wrzesnia.pl\/wp-content\/uploads\/2024\/05\/karta_mieszkanca_3_lamy-3-700x1024.png 700w, https:\/\/ops.wrzesnia.pl\/wp-content\/uploads\/2024\/05\/karta_mieszkanca_3_lamy-3-205x300.png 205w, https:\/\/ops.wrzesnia.pl\/wp-content\/uploads\/2024\/05\/karta_mieszkanca_3_lamy-3-768x1123.png 768w, https:\/\/ops.wrzesnia.pl\/wp-content\/uploads\/2024\/05\/karta_mieszkanca_3_lamy-3-51x75.png 51w, https:\/\/ops.wrzesnia.pl\/wp-content\/uploads\/2024\/05\/karta_mieszkanca_3_lamy-3-480x702.png 480w, https:\/\/ops.wrzesnia.pl\/wp-content\/uploads\/2024\/05\/karta_mieszkanca_3_lamy-3-16x24.png 16w, https:\/\/ops.wrzesnia.pl\/wp-content\/uploads\/2024\/05\/karta_mieszkanca_3_lamy-3-25x36.png 25w, https:\/\/ops.wrzesnia.pl\/wp-content\/uploads\/2024\/05\/karta_mieszkanca_3_lamy-3-33x48.png 33w, https:\/\/ops.wrzesnia.pl\/wp-content\/uploads\/2024\/05\/karta_mieszkanca_3_lamy-3.png 969w\" sizes=\"(max-width:767px) 480px, 700px\" \/><\/figure><\/div>","protected":false},"excerpt":{"rendered":"<p>Od 3 CZERWCA wnioski o wydanie karty b\u0119dzie mo\u017cna z\u0142o\u017cy\u0107: Dla kogo przeznaczona jest Wrzesi\u0144ska Karta Mieszka\u0144ca?Dla mieszka\u0144c\u00f3w gminy Wrze\u015bnia, kt\u00f3rzy jednocze\u015bnie rozliczaj\u0105 sw\u00f3j PIT w<span class=\"excerpt-hellip\"> [\u2026]<\/span><\/p>\n","protected":false},"author":4,"featured_media":0,"comment_status":"open","ping_status":"open","sticky":false,"template":"","format":"standard","meta":{"footnotes":""},"categories":[1],"tags":[],"class_list":["post-2443","post","type-post","status-publish","format-standard","hentry","category-bez-kategorii"],"_links":{"self":[{"href":"https:\/\/ops.wrzesnia.pl\/wp-json\/wp\/v2\/posts\/2443"}],"collection":[{"href":"https:\/\/ops.wrzesnia.pl\/wp-json\/wp\/v2\/posts"}],"about":[{"href":"https:\/\/ops.wrzesnia.pl\/wp-json\/wp\/v2\/types\/post"}],"author":[{"embeddable":true,"href":"https:\/\/ops.wrzesnia.pl\/wp-json\/wp\/v2\/users\/4"}],"replies":[{"embeddable":true,"href":"https:\/\/ops.wrzesnia.pl\/wp-json\/wp\/v2\/comments?post=2443"}],"version-history":[{"count":1,"href":"https:\/\/ops.wrzesnia.pl\/wp-json\/wp\/v2\/posts\/2443\/revisions"}],"predecessor-version":[{"id":2447,"href":"https:\/\/ops.wrzesnia.pl\/wp-json\/wp\/v2\/posts\/2443\/revisions\/2447"}],"wp:attachment":[{"href":"https:\/\/ops.wrzesnia.pl\/wp-json\/wp\/v2\/media?parent=2443"}],"wp:term":[{"taxonomy":"category","embeddable":true,"href":"https:\/\/ops.wrzesnia.pl\/wp-json\/wp\/v2\/categories?post=2443"},{"taxonomy":"post_tag","embeddable":true,"href":"https:\/\/ops.wrzesnia.pl\/wp-json\/wp\/v2\/tags?post=2443"}],"curies":[{"name":"wp","href":"https:\/\/api.w.org\/{rel}","templated":true}]}}