{"id":2460,"date":"2024-06-13T08:55:17","date_gmt":"2024-06-13T06:55:17","guid":{"rendered":"https:\/\/ops.wrzesnia.pl\/?p=2460"},"modified":"2024-06-13T08:55:18","modified_gmt":"2024-06-13T06:55:18","slug":"wielkopolska-infolinia-wsparcia","status":"publish","type":"post","link":"https:\/\/ops.wrzesnia.pl\/wielkopolska-infolinia-wsparcia\/","title":{"rendered":"Wielkopolska Infolinia Wsparcia"},"content":{"rendered":"<div class=\"wp-block-image\">\n<figure class=\"aligncenter size-large is-resized\"><img loading=\"lazy\" decoding=\"async\" width=\"724\" height=\"1024\" src=\"https:\/\/ops.wrzesnia.pl\/wp-content\/uploads\/2024\/06\/2024-dps-few-plakat-kod-qr_1-1-1-724x1024.png\" alt=\"\" class=\"wp-image-2462\" style=\"width:523px;height:auto\" srcset=\"https:\/\/ops.wrzesnia.pl\/wp-content\/uploads\/2024\/06\/2024-dps-few-plakat-kod-qr_1-1-1-724x1024.png 724w, https:\/\/ops.wrzesnia.pl\/wp-content\/uploads\/2024\/06\/2024-dps-few-plakat-kod-qr_1-1-1-212x300.png 212w, https:\/\/ops.wrzesnia.pl\/wp-content\/uploads\/2024\/06\/2024-dps-few-plakat-kod-qr_1-1-1-768x1086.png 768w, https:\/\/ops.wrzesnia.pl\/wp-content\/uploads\/2024\/06\/2024-dps-few-plakat-kod-qr_1-1-1-1086x1536.png 1086w, https:\/\/ops.wrzesnia.pl\/wp-content\/uploads\/2024\/06\/2024-dps-few-plakat-kod-qr_1-1-1-1448x2048.png 1448w, https:\/\/ops.wrzesnia.pl\/wp-content\/uploads\/2024\/06\/2024-dps-few-plakat-kod-qr_1-1-1-53x75.png 53w, https:\/\/ops.wrzesnia.pl\/wp-content\/uploads\/2024\/06\/2024-dps-few-plakat-kod-qr_1-1-1-480x679.png 480w, https:\/\/ops.wrzesnia.pl\/wp-content\/uploads\/2024\/06\/2024-dps-few-plakat-kod-qr_1-1-1-17x24.png 17w, https:\/\/ops.wrzesnia.pl\/wp-content\/uploads\/2024\/06\/2024-dps-few-plakat-kod-qr_1-1-1-25x36.png 25w, https:\/\/ops.wrzesnia.pl\/wp-content\/uploads\/2024\/06\/2024-dps-few-plakat-kod-qr_1-1-1-34x48.png 34w\" sizes=\"(max-width:767px) 480px, 724px\" \/><\/figure><\/div>\n\n\n<blockquote class=\"wp-block-quote is-layout-flow wp-block-quote-is-layout-flow\">\n<p>Wielkopolska Infolinia Wsparcia\u00a0jest cz\u0119\u015bci\u0105 projektu \u201dWielkopolskie Telecentrum Opieki\u201d\u00a0dofinansowanego przez Uni\u0119 Europejsk\u0105 w\u00a0ramach Programu \u201eFundusze Europejskie dla Wielkopolski 2021-2027\u201d.<\/p>\n\n\n\n<p><strong>Numer telefonu:&nbsp;<\/strong><\/p>\n\n\n\n<p>61 449 94 99&nbsp;(op\u0142ata zgodnie z&nbsp;cennikiem operatora)<\/p>\n\n\n\n<p><strong>Godziny Obs\u0142ugi:<\/strong><\/p>\n\n\n\n<p>poniedzia\u0142ek-pi\u0105tek<br>godziny: 8.00-15.00<\/p>\n\n\n\n<p><strong>Tytu\u0142:<\/strong><\/p>\n\n\n\n<p>Wielkopolska Infolinia Wsparcia<\/p>\n\n\n\n<p><strong>Grupa docelowa:<\/strong><\/p>\n\n\n\n<ul class=\"wp-block-list\">\n<li>Osoby starsze w&nbsp;wieku 60+ z&nbsp;wojew\u00f3dztwa wielkopolskiego.<\/li>\n\n\n\n<li>Opiekunowie z&nbsp;wojew\u00f3dztwa wielkopolskiego.<\/li>\n<\/ul>\n\n\n\n<p><strong>Cel:<\/strong><\/p>\n\n\n\n<p>Zapewnienie wsparcia, informacji oraz doradztwa w&nbsp;r\u00f3\u017cnych aspektach&nbsp;\u017cycia&nbsp;codziennego i&nbsp;spo\u0142ecznego.<\/p>\n\n\n\n<p><strong>Co oferujemy?<\/strong><\/p>\n\n\n\n<p>Kontakt telefoniczny z&nbsp;Asystentami Teleopieki, z&nbsp;kt\u00f3rymi:<\/p>\n\n\n\n<ul class=\"wp-block-list\">\n<li>Porozmawiasz na codzienne tematy.<\/li>\n\n\n\n<li>Uzyskasz Informacje na temat dost\u0119pnych us\u0142ug dla os\u00f3b starszych i&nbsp;opiekun\u00f3w w&nbsp;Wielkopolsce.<\/li>\n\n\n\n<li>Uzyskasz porady dotycz\u0105ce korzystania z&nbsp;systemu pomocy spo\u0142ecznej.<\/li>\n\n\n\n<li>Otrzymasz wskaz\u00f3wki dotycz\u0105ce dost\u0119pnych zasob\u00f3w i&nbsp;program\u00f3w wsparcia w&nbsp;regionie.<\/li>\n<\/ul>\n<cite>LINK: <a href=\"https:\/\/rops.poznan.pl\/aktualnosci\/wielkopolska-infolinia-wsparcia-dla-seniorow-i-opiekunow-juz-dziala\">https:\/\/rops.poznan.pl\/aktualnosci\/wielkopolska-infolinia-wsparcia-dla-seniorow-i-opiekunow-juz-dziala<\/a> <\/cite><\/blockquote>\n\n\n\n<p><\/p>\n","protected":false},"excerpt":{"rendered":"","protected":false},"author":4,"featured_media":0,"comment_status":"open","ping_status":"open","sticky":false,"template":"","format":"standard","meta":{"footnotes":""},"categories":[1],"tags":[],"class_list":["post-2460","post","type-post","status-publish","format-standard","hentry","category-bez-kategorii"],"_links":{"self":[{"href":"https:\/\/ops.wrzesnia.pl\/wp-json\/wp\/v2\/posts\/2460"}],"collection":[{"href":"https:\/\/ops.wrzesnia.pl\/wp-json\/wp\/v2\/posts"}],"about":[{"href":"https:\/\/ops.wrzesnia.pl\/wp-json\/wp\/v2\/types\/post"}],"author":[{"embeddable":true,"href":"https:\/\/ops.wrzesnia.pl\/wp-json\/wp\/v2\/users\/4"}],"replies":[{"embeddable":true,"href":"https:\/\/ops.wrzesnia.pl\/wp-json\/wp\/v2\/comments?post=2460"}],"version-history":[{"count":1,"href":"https:\/\/ops.wrzesnia.pl\/wp-json\/wp\/v2\/posts\/2460\/revisions"}],"predecessor-version":[{"id":2463,"href":"https:\/\/ops.wrzesnia.pl\/wp-json\/wp\/v2\/posts\/2460\/revisions\/2463"}],"wp:attachment":[{"href":"https:\/\/ops.wrzesnia.pl\/wp-json\/wp\/v2\/media?parent=2460"}],"wp:term":[{"taxonomy":"category","embeddable":true,"href":"https:\/\/ops.wrzesnia.pl\/wp-json\/wp\/v2\/categories?post=2460"},{"taxonomy":"post_tag","embeddable":true,"href":"https:\/\/ops.wrzesnia.pl\/wp-json\/wp\/v2\/tags?post=2460"}],"curies":[{"name":"wp","href":"https:\/\/api.w.org\/{rel}","templated":true}]}}