{"id":2467,"date":"2024-07-08T11:33:33","date_gmt":"2024-07-08T09:33:33","guid":{"rendered":"https:\/\/ops.wrzesnia.pl\/?p=2467"},"modified":"2024-07-08T11:33:34","modified_gmt":"2024-07-08T09:33:34","slug":"ogloszenie-dyrektora-osrodka-pomocy-spolecznej-we-wrzesni-w-sprawie-zatrudnienia-na-stanowisko-pracownik-socjalny-2","status":"publish","type":"post","link":"https:\/\/ops.wrzesnia.pl\/ogloszenie-dyrektora-osrodka-pomocy-spolecznej-we-wrzesni-w-sprawie-zatrudnienia-na-stanowisko-pracownik-socjalny-2\/","title":{"rendered":"Og\u0142oszenie Dyrektora O\u015brodka Pomocy Spo\u0142ecznej we Wrze\u015bni w sprawie zatrudnienia na stanowisko &#8211; PRACOWNIK SOCJALNY"},"content":{"rendered":"\n<p>ZA\u0141\u0104CZNIKI:<\/p>\n\n\n\n<p><a href=\"https:\/\/ops.wrzesnia.pl\/wp-content\/uploads\/2024\/07\/Ogloszenie-Dyrektora-Osrodka-Pomocy-Spolecznej-we-Wrzesni-w-sprawie-zatrudnienia-na-stanowisko-PRACOWNIK-SOCJALNY.pdf\" data-type=\"link\" data-id=\"https:\/\/ops.wrzesnia.pl\/wp-content\/uploads\/2024\/07\/Ogloszenie-Dyrektora-Osrodka-Pomocy-Spolecznej-we-Wrzesni-w-sprawie-zatrudnienia-na-stanowisko-PRACOWNIK-SOCJALNY.pdf\">og\u0142oszenie (PLIK PDF 2 MB)<\/a><\/p>\n\n\n\n<p><a href=\"https:\/\/ops-wrzesnia.biuletyn.net\/fls\/bip_pliki\/2023_10\/BIPF6078234C6B5D9Z\/Kwestionariusz_osobowy_dla_osoby_ubiegajacej_sie_o_zatrudnienie.pdf\" data-type=\"URL\" data-id=\"https:\/\/ops-wrzesnia.biuletyn.net\/fls\/bip_pliki\/2023_10\/BIPF6078234C6B5D9Z\/Kwestionariusz_osobowy_dla_osoby_ubiegajacej_sie_o_zatrudnienie.pdf\">kwestionariusz (PLIK PDF 940,31 KB)<\/a><\/p>\n","protected":false},"excerpt":{"rendered":"<p>ZA\u0141\u0104CZNIKI: og\u0142oszenie (PLIK PDF 2 MB) kwestionariusz (PLIK PDF 940,31 KB)<\/p>\n","protected":false},"author":4,"featured_media":0,"comment_status":"open","ping_status":"open","sticky":false,"template":"","format":"standard","meta":{"footnotes":""},"categories":[1],"tags":[],"class_list":["post-2467","post","type-post","status-publish","format-standard","hentry","category-bez-kategorii"],"_links":{"self":[{"href":"https:\/\/ops.wrzesnia.pl\/wp-json\/wp\/v2\/posts\/2467"}],"collection":[{"href":"https:\/\/ops.wrzesnia.pl\/wp-json\/wp\/v2\/posts"}],"about":[{"href":"https:\/\/ops.wrzesnia.pl\/wp-json\/wp\/v2\/types\/post"}],"author":[{"embeddable":true,"href":"https:\/\/ops.wrzesnia.pl\/wp-json\/wp\/v2\/users\/4"}],"replies":[{"embeddable":true,"href":"https:\/\/ops.wrzesnia.pl\/wp-json\/wp\/v2\/comments?post=2467"}],"version-history":[{"count":1,"href":"https:\/\/ops.wrzesnia.pl\/wp-json\/wp\/v2\/posts\/2467\/revisions"}],"predecessor-version":[{"id":2469,"href":"https:\/\/ops.wrzesnia.pl\/wp-json\/wp\/v2\/posts\/2467\/revisions\/2469"}],"wp:attachment":[{"href":"https:\/\/ops.wrzesnia.pl\/wp-json\/wp\/v2\/media?parent=2467"}],"wp:term":[{"taxonomy":"category","embeddable":true,"href":"https:\/\/ops.wrzesnia.pl\/wp-json\/wp\/v2\/categories?post=2467"},{"taxonomy":"post_tag","embeddable":true,"href":"https:\/\/ops.wrzesnia.pl\/wp-json\/wp\/v2\/tags?post=2467"}],"curies":[{"name":"wp","href":"https:\/\/api.w.org\/{rel}","templated":true}]}}