{"id":2611,"date":"2024-08-29T08:59:47","date_gmt":"2024-08-29T06:59:47","guid":{"rendered":"https:\/\/ops.wrzesnia.pl\/?p=2611"},"modified":"2024-08-29T09:41:16","modified_gmt":"2024-08-29T07:41:16","slug":"ogloszenie-dyrektora-osrodka-pomocy-spolecznej-we-wrzesni-w-sprawie-zatrudnienia-na-stanowisko-terapeuta-zajeciowy","status":"publish","type":"post","link":"https:\/\/ops.wrzesnia.pl\/ogloszenie-dyrektora-osrodka-pomocy-spolecznej-we-wrzesni-w-sprawie-zatrudnienia-na-stanowisko-terapeuta-zajeciowy\/","title":{"rendered":"Og\u0142oszenie Dyrektora O\u015brodka Pomocy Spo\u0142ecznej we Wrze\u015bni w sprawie zatrudnienia na stanowisko &#8211; TERAPEUTA ZAJ\u0118CIOWY"},"content":{"rendered":"\n<p>ZA\u0141\u0104CZNIKI:<\/p>\n\n\n\n<ul class=\"wp-block-list\">\n<li><a href=\"https:\/\/ops.wrzesnia.pl\/wp-content\/uploads\/2024\/08\/Ogloszenie-Dyrektora-Osrodka-Pomocy-Spolecznej-we-Wrzesni-w-sprawie-zatrudnienia-na-stanowisko-Terapeuta-zajeciowy.pdf\" data-type=\"link\" data-id=\"https:\/\/ops.wrzesnia.pl\/wp-content\/uploads\/2024\/08\/Ogloszenie-Dyrektora-Osrodka-Pomocy-Spolecznej-we-Wrzesni-w-sprawie-zatrudnienia-na-stanowisko-Terapeuta-zajeciowy.pdf\">og\u0142oszenie (PLIK PDF 1 MB)<\/a><\/li>\n<\/ul>\n\n\n\n<p><\/p>\n","protected":false},"excerpt":{"rendered":"<p>ZA\u0141\u0104CZNIKI:<\/p>\n","protected":false},"author":4,"featured_media":0,"comment_status":"open","ping_status":"open","sticky":false,"template":"","format":"standard","meta":{"footnotes":""},"categories":[1],"tags":[],"class_list":["post-2611","post","type-post","status-publish","format-standard","hentry","category-bez-kategorii"],"_links":{"self":[{"href":"https:\/\/ops.wrzesnia.pl\/wp-json\/wp\/v2\/posts\/2611"}],"collection":[{"href":"https:\/\/ops.wrzesnia.pl\/wp-json\/wp\/v2\/posts"}],"about":[{"href":"https:\/\/ops.wrzesnia.pl\/wp-json\/wp\/v2\/types\/post"}],"author":[{"embeddable":true,"href":"https:\/\/ops.wrzesnia.pl\/wp-json\/wp\/v2\/users\/4"}],"replies":[{"embeddable":true,"href":"https:\/\/ops.wrzesnia.pl\/wp-json\/wp\/v2\/comments?post=2611"}],"version-history":[{"count":2,"href":"https:\/\/ops.wrzesnia.pl\/wp-json\/wp\/v2\/posts\/2611\/revisions"}],"predecessor-version":[{"id":2613,"href":"https:\/\/ops.wrzesnia.pl\/wp-json\/wp\/v2\/posts\/2611\/revisions\/2613"}],"wp:attachment":[{"href":"https:\/\/ops.wrzesnia.pl\/wp-json\/wp\/v2\/media?parent=2611"}],"wp:term":[{"taxonomy":"category","embeddable":true,"href":"https:\/\/ops.wrzesnia.pl\/wp-json\/wp\/v2\/categories?post=2611"},{"taxonomy":"post_tag","embeddable":true,"href":"https:\/\/ops.wrzesnia.pl\/wp-json\/wp\/v2\/tags?post=2611"}],"curies":[{"name":"wp","href":"https:\/\/api.w.org\/{rel}","templated":true}]}}