{"id":2619,"date":"2024-09-17T09:53:04","date_gmt":"2024-09-17T07:53:04","guid":{"rendered":"https:\/\/ops.wrzesnia.pl\/?p=2619"},"modified":"2024-09-17T09:53:05","modified_gmt":"2024-09-17T07:53:05","slug":"ogloszenie-dyrektora-osrodka-pomocy-spolecznej-we-wrzesni-w-sprawie-zatrudnienia-na-stanowisko-pracownik-socjalny-3","status":"publish","type":"post","link":"https:\/\/ops.wrzesnia.pl\/ogloszenie-dyrektora-osrodka-pomocy-spolecznej-we-wrzesni-w-sprawie-zatrudnienia-na-stanowisko-pracownik-socjalny-3\/","title":{"rendered":"Og\u0142oszenie Dyrektora O\u015brodka Pomocy Spo\u0142ecznej we Wrze\u015bni w sprawie zatrudnienia na stanowisko &#8211; PRACOWNIK SOCJALNY"},"content":{"rendered":"\n<p>O\u015brodek Pomocy Spo\u0142ecznej we Wrze\u015bni zatrudni kandydata na stanowisko \u2013 pracownik socjalny w pe\u0142nym wymiarze czasu pracy.<\/p>\n\n\n\n<p><strong>Za\u0142\u0105czniki:<\/strong><\/p>\n\n\n\n<ul class=\"wp-block-list\">\n<li><a href=\"https:\/\/ops.wrzesnia.pl\/wp-content\/uploads\/2024\/09\/zatrudni-kandydata-na-stanowisko-\u2013-pracownik-16.09.2024.pdf\" data-type=\"link\" data-id=\"https:\/\/ops.wrzesnia.pl\/wp-content\/uploads\/2024\/09\/zatrudni-kandydata-na-stanowisko-\u2013-pracownik-16.09.2024.pdf\"><strong>Og\u0142oszenie &#8211; skan (PDF 2 MB)<\/strong><\/a><\/li>\n\n\n\n<li><a href=\"https:\/\/ops.wrzesnia.pl\/wp-content\/uploads\/2024\/09\/Oferta-pracy-pracownik-socjalny-16.09.2024.pdf\" data-type=\"link\" data-id=\"https:\/\/ops.wrzesnia.pl\/wp-content\/uploads\/2024\/09\/Oferta-pracy-pracownik-socjalny-16.09.2024.pdf\"><strong>Og\u0142oszenie (PDF 150 KB)<\/strong><\/a><\/li>\n<\/ul>\n\n\n\n<p>&#8222;<strong>IX Termin i miejsce sk\u0142adania dokument\u00f3w:<\/strong><br>Wszystkie wymagane dokumenty aplikacyjne nale\u017cy z\u0142o\u017cy\u0107 w siedzibie O\u015brodka Pomocy Spo\u0142ecznej we Wrze\u015bni ul. Fabryczna 14 (kancelaria) w zamkni\u0119tej kopercie z dopiskiem \u201eNab\u00f3r na stanowisko pracownik socjalny\u201d lub przes\u0142a\u0107 poczt\u0105 na adres opswrz@wrzesnia.pl w terminie do<strong> 31.10.2024 r<\/strong>. (decyduje data wp\u0142ywu do O\u015brodka Pomocy Spo\u0142ecznej we Wrze\u015bni). Oferty kandydat\u00f3w, kt\u00f3re nie b\u0119d\u0105 zawiera\u0142y wszystkich wymaganych dokument\u00f3w lub z\u0142o\u017cone po terminie nie b\u0119d\u0105 brane pod uwag\u0119 w post\u0119powaniu rekrutacyjnym.&#8221;<\/p>\n","protected":false},"excerpt":{"rendered":"<p>O\u015brodek Pomocy Spo\u0142ecznej we Wrze\u015bni zatrudni kandydata na stanowisko \u2013 pracownik socjalny w pe\u0142nym wymiarze czasu pracy. Za\u0142\u0105czniki: &#8222;IX Termin i miejsce sk\u0142adania dokument\u00f3w:Wszystkie wymagane dokumenty<span class=\"excerpt-hellip\"> [\u2026]<\/span><\/p>\n","protected":false},"author":4,"featured_media":0,"comment_status":"open","ping_status":"open","sticky":false,"template":"","format":"standard","meta":{"footnotes":""},"categories":[1],"tags":[],"class_list":["post-2619","post","type-post","status-publish","format-standard","hentry","category-bez-kategorii"],"_links":{"self":[{"href":"https:\/\/ops.wrzesnia.pl\/wp-json\/wp\/v2\/posts\/2619"}],"collection":[{"href":"https:\/\/ops.wrzesnia.pl\/wp-json\/wp\/v2\/posts"}],"about":[{"href":"https:\/\/ops.wrzesnia.pl\/wp-json\/wp\/v2\/types\/post"}],"author":[{"embeddable":true,"href":"https:\/\/ops.wrzesnia.pl\/wp-json\/wp\/v2\/users\/4"}],"replies":[{"embeddable":true,"href":"https:\/\/ops.wrzesnia.pl\/wp-json\/wp\/v2\/comments?post=2619"}],"version-history":[{"count":1,"href":"https:\/\/ops.wrzesnia.pl\/wp-json\/wp\/v2\/posts\/2619\/revisions"}],"predecessor-version":[{"id":2620,"href":"https:\/\/ops.wrzesnia.pl\/wp-json\/wp\/v2\/posts\/2619\/revisions\/2620"}],"wp:attachment":[{"href":"https:\/\/ops.wrzesnia.pl\/wp-json\/wp\/v2\/media?parent=2619"}],"wp:term":[{"taxonomy":"category","embeddable":true,"href":"https:\/\/ops.wrzesnia.pl\/wp-json\/wp\/v2\/categories?post=2619"},{"taxonomy":"post_tag","embeddable":true,"href":"https:\/\/ops.wrzesnia.pl\/wp-json\/wp\/v2\/tags?post=2619"}],"curies":[{"name":"wp","href":"https:\/\/api.w.org\/{rel}","templated":true}]}}