{"id":2670,"date":"2024-10-11T10:17:26","date_gmt":"2024-10-11T08:17:26","guid":{"rendered":"https:\/\/ops.wrzesnia.pl\/?p=2670"},"modified":"2024-10-11T10:17:27","modified_gmt":"2024-10-11T08:17:27","slug":"projekt-integracja-na-start-nr-fewp-06-12-ip-01-0117-23","status":"publish","type":"post","link":"https:\/\/ops.wrzesnia.pl\/projekt-integracja-na-start-nr-fewp-06-12-ip-01-0117-23\/","title":{"rendered":"Projekt \u201eIntegracja na start!&#8221; nr FEWP.06.12-IP.01-0117\/23"},"content":{"rendered":"\n<p>Firma IDEA 365 MAGDALENA MACUTKIEWICZ realizuje projekt \u201eIntegracja na start!&#8221; w&nbsp;okresie 01.07.2024 r. &#8211; 30.06.2025 r. Projekt skierowany jest do os\u00f3b w&nbsp;wieku 18 lat i&nbsp;wi\u0119cej, narodowo\u015bci Ukrai\u0144skiej, migrant\u00f3w przedwojennych, student\u00f3w, a&nbsp;tak\u017ce uchod\u017ac\u00f3w, kt\u00f3rzy musieli opu\u015bci\u0107 sw\u00f3j kraj w&nbsp;zwi\u0105zku z&nbsp;wybuchem wojny, osoby zamieszka\u0142e w&nbsp;rozumieniu Kodeksu Cywilnego na obszarze woj. wielkopolskiego, bezrobotne i&nbsp;bierne zawodowo, kt\u00f3re:<br>&#8211; posiadaj\u0105 status migranta\/uchod\u017acy\/studenta\/<br>&#8211; otrzymuj\u0105 inne formy ochrony (wiza, karta pobytu, dokument upowa\u017cniaj\u0105cy do pobytu i&nbsp;pracy\/potwierdzenie obj\u0119cia ochron\u0105)<br>&#8211; posiadaj\u0105 status os. nieposiadaj\u0105cej obywatelstwa \u017cadnego z&nbsp;kraj\u00f3w UE (ani kraj\u00f3w takich jak: Norwegia, Islandia, Liechtenstein oraz Szwajcaria) a&nbsp;szczeg\u00f3lnie:<br>&#8211; osoby, kt\u00f3re po agresji Federacji Rosyjskiej na Ukrain\u0119 zosta\u0142y obj\u0119te ochron\u0105 czasow\u0105<br>&#8211; posiadaj\u0105ce niskie kwalifikacje (do ISCED 3)<br>&#8211; posiadaj\u0105ce na wychowaniu dziecko\/dzieci<br>&#8211; osoby z&nbsp;niepe\u0142nosprawno\u015bci\u0105<\/p>\n\n\n\n<p>Po wi\u0119cej informacji zapraszamy do Biura Projektu: al. Powsta\u0144c\u00f3w Wielkopolskich 62 pok. 4, 64-920 Pi\u0142a, tel. 603 064 804, e-mail: integracjanastart@gmail.com oraz na stronie internetowej: integracjanastart.pl<\/p>\n\n\n\n<p>Za\u0142acznik:<\/p>\n\n\n\n<ul class=\"wp-block-list\">\n<li><a href=\"https:\/\/ops.wrzesnia.pl\/wp-content\/uploads\/2024\/10\/Plakat-Integracja-na-start.pdf\" data-type=\"link\" data-id=\"https:\/\/ops.wrzesnia.pl\/wp-content\/uploads\/2024\/10\/Plakat-Integracja-na-start.pdf\">Plakat (Plik PDF 210 KB)<\/a><\/li>\n<\/ul>\n\n\n\n<p><\/p>\n","protected":false},"excerpt":{"rendered":"<p>Firma IDEA 365 MAGDALENA MACUTKIEWICZ realizuje projekt \u201eIntegracja na start!&#8221; w&nbsp;okresie 01.07.2024 r. &#8211; 30.06.2025 r. Projekt skierowany jest do os\u00f3b w&nbsp;wieku 18 lat i&nbsp;wi\u0119cej, narodowo\u015bci<span class=\"excerpt-hellip\"> [\u2026]<\/span><\/p>\n","protected":false},"author":4,"featured_media":0,"comment_status":"open","ping_status":"open","sticky":false,"template":"","format":"standard","meta":{"footnotes":""},"categories":[1],"tags":[],"class_list":["post-2670","post","type-post","status-publish","format-standard","hentry","category-bez-kategorii"],"_links":{"self":[{"href":"https:\/\/ops.wrzesnia.pl\/wp-json\/wp\/v2\/posts\/2670"}],"collection":[{"href":"https:\/\/ops.wrzesnia.pl\/wp-json\/wp\/v2\/posts"}],"about":[{"href":"https:\/\/ops.wrzesnia.pl\/wp-json\/wp\/v2\/types\/post"}],"author":[{"embeddable":true,"href":"https:\/\/ops.wrzesnia.pl\/wp-json\/wp\/v2\/users\/4"}],"replies":[{"embeddable":true,"href":"https:\/\/ops.wrzesnia.pl\/wp-json\/wp\/v2\/comments?post=2670"}],"version-history":[{"count":1,"href":"https:\/\/ops.wrzesnia.pl\/wp-json\/wp\/v2\/posts\/2670\/revisions"}],"predecessor-version":[{"id":2671,"href":"https:\/\/ops.wrzesnia.pl\/wp-json\/wp\/v2\/posts\/2670\/revisions\/2671"}],"wp:attachment":[{"href":"https:\/\/ops.wrzesnia.pl\/wp-json\/wp\/v2\/media?parent=2670"}],"wp:term":[{"taxonomy":"category","embeddable":true,"href":"https:\/\/ops.wrzesnia.pl\/wp-json\/wp\/v2\/categories?post=2670"},{"taxonomy":"post_tag","embeddable":true,"href":"https:\/\/ops.wrzesnia.pl\/wp-json\/wp\/v2\/tags?post=2670"}],"curies":[{"name":"wp","href":"https:\/\/api.w.org\/{rel}","templated":true}]}}